{"id":731,"date":"2009-06-07T16:52:46","date_gmt":"2009-06-07T15:52:46","guid":{"rendered":"http:\/\/stage.petrahall.se\/?p=731"},"modified":"2009-06-07T16:52:46","modified_gmt":"2009-06-07T15:52:46","slug":"ulrika-thomas","status":"publish","type":"post","link":"https:\/\/stage.petrahall.se\/index.php\/2009\/06\/07\/ulrika-thomas\/","title":{"rendered":"Ulrika &#038; Thomas"},"content":{"rendered":"<p>Ig\u00e5r, p\u00e5 sj\u00e4lvaste nationaldagen gifte sig Ulrika och Thomas i Byske som ligger n\u00e5gra mil utanf\u00f6r Skellefte\u00e5. V\u00e4drets makter bj\u00f6d p\u00e5 allt fr\u00e5n sommarsol (inte v\u00e4rme), regn, hagel och till och med sn\u00f6. Vi lyckades klara oss undan fr\u00e5n det mesta av nederb\u00f6rden, men det var v\u00e4ldigt kallt f\u00f6r b\u00e5de brudpar och fotograf.<\/p>\n<p>Egentligen skulle jag kunna \u00e4gna ett helt blogginl\u00e4gg bara med bilder p\u00e5 Ulrika och Thomas \u00e4ldsta dotter, som ocks\u00e5 fungerade som ringb\u00e4rare och blomsterflicka, d\u00e5 hon definitivt stal showen under vigseln. Men jag ska f\u00f6rs\u00f6ka visa n\u00e5gra bilder p\u00e5 det vackra och h\u00e4rliga brudparet ocks\u00e5, plus f\u00f6rst\u00e5s lillasyster.<\/p>\n<p>Tack f\u00f6r att mina assistenter och jag fick vara med er under er stora dag. Det var superkul trots v\u00e4dret!\u00a0<\/p>\n<p><img loading=\"lazy\" class=\"alignnone size-full wp-image-732\" title=\"ulrika_thomas_01\" src=\"http:\/\/stage.petrahall.se\/wp-content\/uploads\/2009\/06\/ulrika_thomas_01.jpg\" alt=\"ulrika_thomas_01\" width=\"900\" height=\"675\" srcset=\"https:\/\/stage.petrahall.se\/wp-content\/uploads\/2009\/06\/ulrika_thomas_01.jpg 900w, https:\/\/stage.petrahall.se\/wp-content\/uploads\/2009\/06\/ulrika_thomas_01-300x225.jpg 300w\" sizes=\"(max-width: 900px) 100vw, 900px\" \/><img loading=\"lazy\" class=\"alignnone size-full wp-image-733\" title=\"ulrika_thomas_02\" src=\"http:\/\/stage.petrahall.se\/wp-content\/uploads\/2009\/06\/ulrika_thomas_02.jpg\" alt=\"ulrika_thomas_02\" width=\"900\" height=\"675\" srcset=\"https:\/\/stage.petrahall.se\/wp-content\/uploads\/2009\/06\/ulrika_thomas_02.jpg 900w, https:\/\/stage.petrahall.se\/wp-content\/uploads\/2009\/06\/ulrika_thomas_02-300x225.jpg 300w\" sizes=\"(max-width: 900px) 100vw, 900px\" \/><img loading=\"lazy\" class=\"alignnone size-full wp-image-734\" title=\"ulrika_thomas_03\" src=\"http:\/\/stage.petrahall.se\/wp-content\/uploads\/2009\/06\/ulrika_thomas_03.jpg\" alt=\"ulrika_thomas_03\" width=\"900\" height=\"600\" srcset=\"https:\/\/stage.petrahall.se\/wp-content\/uploads\/2009\/06\/ulrika_thomas_03.jpg 900w, https:\/\/stage.petrahall.se\/wp-content\/uploads\/2009\/06\/ulrika_thomas_03-300x200.jpg 300w\" sizes=\"(max-width: 900px) 100vw, 900px\" \/><img loading=\"lazy\" class=\"alignnone size-full wp-image-735\" title=\"ulrika_thomas_04\" src=\"http:\/\/stage.petrahall.se\/wp-content\/uploads\/2009\/06\/ulrika_thomas_04.jpg\" alt=\"ulrika_thomas_04\" width=\"900\" height=\"675\" srcset=\"https:\/\/stage.petrahall.se\/wp-content\/uploads\/2009\/06\/ulrika_thomas_04.jpg 900w, https:\/\/stage.petrahall.se\/wp-content\/uploads\/2009\/06\/ulrika_thomas_04-300x225.jpg 300w\" sizes=\"(max-width: 900px) 100vw, 900px\" \/><img loading=\"lazy\" class=\"alignnone size-full wp-image-736\" title=\"ulrika_thomas_05\" src=\"http:\/\/stage.petrahall.se\/wp-content\/uploads\/2009\/06\/ulrika_thomas_05.jpg\" alt=\"ulrika_thomas_05\" width=\"900\" height=\"600\" srcset=\"https:\/\/stage.petrahall.se\/wp-content\/uploads\/2009\/06\/ulrika_thomas_05.jpg 900w, https:\/\/stage.petrahall.se\/wp-content\/uploads\/2009\/06\/ulrika_thomas_05-300x200.jpg 300w\" sizes=\"(max-width: 900px) 100vw, 900px\" \/><img loading=\"lazy\" class=\"alignnone size-full wp-image-737\" title=\"ulrika_thomas_06\" src=\"http:\/\/stage.petrahall.se\/wp-content\/uploads\/2009\/06\/ulrika_thomas_06.jpg\" alt=\"ulrika_thomas_06\" width=\"900\" height=\"675\" srcset=\"https:\/\/stage.petrahall.se\/wp-content\/uploads\/2009\/06\/ulrika_thomas_06.jpg 900w, https:\/\/stage.petrahall.se\/wp-content\/uploads\/2009\/06\/ulrika_thomas_06-300x225.jpg 300w\" sizes=\"(max-width: 900px) 100vw, 900px\" \/><img loading=\"lazy\" class=\"alignnone size-full wp-image-738\" title=\"ulrika_thomas_07\" src=\"http:\/\/stage.petrahall.se\/wp-content\/uploads\/2009\/06\/ulrika_thomas_07.jpg\" alt=\"ulrika_thomas_07\" width=\"900\" height=\"675\" srcset=\"https:\/\/stage.petrahall.se\/wp-content\/uploads\/2009\/06\/ulrika_thomas_07.jpg 900w, https:\/\/stage.petrahall.se\/wp-content\/uploads\/2009\/06\/ulrika_thomas_07-300x225.jpg 300w\" sizes=\"(max-width: 900px) 100vw, 900px\" \/><img loading=\"lazy\" class=\"alignnone size-full wp-image-739\" title=\"ulrika_thomas_08\" src=\"http:\/\/stage.petrahall.se\/wp-content\/uploads\/2009\/06\/ulrika_thomas_08.jpg\" alt=\"ulrika_thomas_08\" width=\"900\" height=\"600\" srcset=\"https:\/\/stage.petrahall.se\/wp-content\/uploads\/2009\/06\/ulrika_thomas_08.jpg 900w, https:\/\/stage.petrahall.se\/wp-content\/uploads\/2009\/06\/ulrika_thomas_08-300x200.jpg 300w\" sizes=\"(max-width: 900px) 100vw, 900px\" \/><img loading=\"lazy\" class=\"alignnone size-full wp-image-740\" title=\"ulrika_thomas_09\" src=\"http:\/\/stage.petrahall.se\/wp-content\/uploads\/2009\/06\/ulrika_thomas_09.jpg\" alt=\"ulrika_thomas_09\" width=\"900\" height=\"675\" srcset=\"https:\/\/stage.petrahall.se\/wp-content\/uploads\/2009\/06\/ulrika_thomas_09.jpg 900w, https:\/\/stage.petrahall.se\/wp-content\/uploads\/2009\/06\/ulrika_thomas_09-300x225.jpg 300w\" sizes=\"(max-width: 900px) 100vw, 900px\" \/><img loading=\"lazy\" class=\"alignnone size-full wp-image-741\" title=\"ulrika_thomas_10\" src=\"http:\/\/stage.petrahall.se\/wp-content\/uploads\/2009\/06\/ulrika_thomas_10.jpg\" alt=\"ulrika_thomas_10\" width=\"900\" height=\"600\" srcset=\"https:\/\/stage.petrahall.se\/wp-content\/uploads\/2009\/06\/ulrika_thomas_10.jpg 900w, https:\/\/stage.petrahall.se\/wp-content\/uploads\/2009\/06\/ulrika_thomas_10-300x200.jpg 300w\" sizes=\"(max-width: 900px) 100vw, 900px\" \/><img loading=\"lazy\" class=\"alignnone size-full wp-image-742\" title=\"ulrika_thomas_11\" src=\"http:\/\/stage.petrahall.se\/wp-content\/uploads\/2009\/06\/ulrika_thomas_11.jpg\" alt=\"ulrika_thomas_11\" width=\"900\" height=\"675\" srcset=\"https:\/\/stage.petrahall.se\/wp-content\/uploads\/2009\/06\/ulrika_thomas_11.jpg 900w, https:\/\/stage.petrahall.se\/wp-content\/uploads\/2009\/06\/ulrika_thomas_11-300x225.jpg 300w\" sizes=\"(max-width: 900px) 100vw, 900px\" \/><img loading=\"lazy\" class=\"alignnone size-full wp-image-743\" title=\"ulrika_thomas_12\" src=\"http:\/\/stage.petrahall.se\/wp-content\/uploads\/2009\/06\/ulrika_thomas_12.jpg\" alt=\"ulrika_thomas_12\" width=\"900\" height=\"675\" srcset=\"https:\/\/stage.petrahall.se\/wp-content\/uploads\/2009\/06\/ulrika_thomas_12.jpg 900w, https:\/\/stage.petrahall.se\/wp-content\/uploads\/2009\/06\/ulrika_thomas_12-300x225.jpg 300w\" sizes=\"(max-width: 900px) 100vw, 900px\" \/><img loading=\"lazy\" class=\"alignnone size-full wp-image-744\" title=\"ulrika_thomas_13\" src=\"http:\/\/stage.petrahall.se\/wp-content\/uploads\/2009\/06\/ulrika_thomas_13.jpg\" alt=\"ulrika_thomas_13\" width=\"900\" height=\"600\" srcset=\"https:\/\/stage.petrahall.se\/wp-content\/uploads\/2009\/06\/ulrika_thomas_13.jpg 900w, https:\/\/stage.petrahall.se\/wp-content\/uploads\/2009\/06\/ulrika_thomas_13-300x200.jpg 300w\" sizes=\"(max-width: 900px) 100vw, 900px\" \/><img loading=\"lazy\" class=\"alignnone size-full wp-image-745\" title=\"ulrika_thomas_14\" src=\"http:\/\/stage.petrahall.se\/wp-content\/uploads\/2009\/06\/ulrika_thomas_14.jpg\" alt=\"ulrika_thomas_14\" width=\"900\" height=\"675\" srcset=\"https:\/\/stage.petrahall.se\/wp-content\/uploads\/2009\/06\/ulrika_thomas_14.jpg 900w, https:\/\/stage.petrahall.se\/wp-content\/uploads\/2009\/06\/ulrika_thomas_14-300x225.jpg 300w\" sizes=\"(max-width: 900px) 100vw, 900px\" \/><\/p>\n\t<div class=\"p3-fb-like-btn-wrap\">\n\t\t<iframe src=\"http:\/\/www.facebook.com\/plugins\/like.php?href=https%3A%2F%2Fstage.petrahall.se%2Findex.php%2F2009%2F06%2F07%2Fulrika-thomas%2F&layout=button_count&show_faces=false&action=like&colorscheme=light&width=450&height=35\" scrolling=\"no\" frameborder=\"0\" style=\"border:none; overflow:hidden; width:450px; height:35px;\" allowTransparency=\"true\"><\/iframe>\n\t<\/div>","protected":false},"excerpt":{"rendered":"<p>Ig\u00e5r, p\u00e5 sj\u00e4lvaste nationaldagen gifte sig Ulrika och Thomas i Byske som ligger n\u00e5gra mil utanf\u00f6r Skellefte\u00e5. V\u00e4drets makter bj\u00f6d p\u00e5 allt fr\u00e5n sommarsol (inte v\u00e4rme), regn, hagel och till och med sn\u00f6. Vi lyckades klara oss undan fr\u00e5n det mesta av nederb\u00f6rden, men det var v\u00e4ldigt kallt f\u00f6r b\u00e5de brudpar och fotograf. Egentligen skulle [&hellip;]<\/p>\n","protected":false},"author":1,"featured_media":0,"comment_status":"open","ping_status":"open","sticky":false,"template":"","format":"standard","meta":[],"categories":[3],"tags":[24,308,10,9,130,131,44],"_links":{"self":[{"href":"https:\/\/stage.petrahall.se\/index.php\/wp-json\/wp\/v2\/posts\/731"}],"collection":[{"href":"https:\/\/stage.petrahall.se\/index.php\/wp-json\/wp\/v2\/posts"}],"about":[{"href":"https:\/\/stage.petrahall.se\/index.php\/wp-json\/wp\/v2\/types\/post"}],"author":[{"embeddable":true,"href":"https:\/\/stage.petrahall.se\/index.php\/wp-json\/wp\/v2\/users\/1"}],"replies":[{"embeddable":true,"href":"https:\/\/stage.petrahall.se\/index.php\/wp-json\/wp\/v2\/comments?post=731"}],"version-history":[{"count":2,"href":"https:\/\/stage.petrahall.se\/index.php\/wp-json\/wp\/v2\/posts\/731\/revisions"}],"predecessor-version":[{"id":747,"href":"https:\/\/stage.petrahall.se\/index.php\/wp-json\/wp\/v2\/posts\/731\/revisions\/747"}],"wp:attachment":[{"href":"https:\/\/stage.petrahall.se\/index.php\/wp-json\/wp\/v2\/media?parent=731"}],"wp:term":[{"taxonomy":"category","embeddable":true,"href":"https:\/\/stage.petrahall.se\/index.php\/wp-json\/wp\/v2\/categories?post=731"},{"taxonomy":"post_tag","embeddable":true,"href":"https:\/\/stage.petrahall.se\/index.php\/wp-json\/wp\/v2\/tags?post=731"}],"curies":[{"name":"wp","href":"https:\/\/api.w.org\/{rel}","templated":true}]}}