{"id":717,"date":"2009-06-03T18:19:08","date_gmt":"2009-06-03T17:19:08","guid":{"rendered":"http:\/\/stage.petrahall.se\/?p=717"},"modified":"2009-06-03T18:19:08","modified_gmt":"2009-06-03T17:19:08","slug":"kattsjukhuset","status":"publish","type":"post","link":"https:\/\/stage.petrahall.se\/index.php\/2009\/06\/03\/kattsjukhuset\/","title":{"rendered":"Kattsjukhuset"},"content":{"rendered":"<p>Det har varit hektiska dagar den senaste veckan, d\u00e5 b\u00e5da mina katter (Siameserna Sam och Suzy) blev magsjuka. Jag ska inte g\u00e5 in p\u00e5 alla detaljer, men det har varit mycket att torka upp fr\u00e5n golv, mattor, soffor, osv. S\u00e5 mycket att katterna varken \u00e5t eller drack n\u00e5got. I l\u00f6rdags s\u00e5 \u00e5kte jag f\u00f6rsta g\u00e5ngen till <a title=\"Djurkliniken i \u00d6jebyn\" href=\"http:\/\/www.djurklinikeniojebyn.com\/\" target=\"_blank\">Djurkliniken i \u00d6jebyn<\/a> med katterna, f\u00f6r att f\u00e5 en utv\u00e4rdering av deras h\u00e4lsa. D\u00e5 fick de en f\u00f6rsta dos med v\u00e4tska under huden. Sedan tillbaka p\u00e5 m\u00e5ndag igen, f\u00f6r ytterligare unders\u00f6kning (blodprov, r\u00f6ntgen) och lite mediciner och mer v\u00e4tska under huden. Blev det inte b\u00e4ttre skulle vi komma tillbaka igen idag, p\u00e5 onsdag, och det fick vi g\u00f6ra.\u00a0<\/p>\n<p>Sam fick dock godk\u00e4nt d\u00e5 han b\u00f6rjat \u00e4ta och dricka igen utan att det kom upp samma v\u00e4g som det kom ner. V\u00e4rre var det f\u00f6r min lilla flicka Suzy, som var s\u00e5 uttorkad och el\u00e4ndig, d\u00e5 hon inte f\u00e5tt beh\u00e5lla n\u00e5got hon \u00e4tit eller druckit under tisdagen. S\u00e5 under dagen idag (onsdag) fick hon ligga p\u00e5 sjukhus med dropp och \u00e4ven d\u00e4r hade hon m\u00e5tt d\u00e5ligt, men fick \u00e4nd\u00e5 komma hem p\u00e5 eftermiddagen f\u00f6r \u00f6vernattning hemma. I morgon, torsdag, m\u00e5ste hon dock tillbaka igen f\u00f6r lite mer behandling.<\/p>\n<p>Det var en ytterst uppr\u00f6rd dam som kom hem i eftermiddag, med droppn\u00e5len fortfarande p\u00e5 plats p\u00e5 frambenet. \u00c4n s\u00e5 l\u00e4nge har hon dock inte lyckats f\u00e5 bort tejpen, s\u00e5 vi f\u00e5r v\u00e4l se om det sitter kvar till i morgonbitti. Men visst \u00e4r hon s\u00f6t \u00e4nd\u00e5, min lilla sjukling?<\/p>\n<p><img loading=\"lazy\" class=\"alignnone size-full wp-image-718\" title=\"sick_kitty_01\" src=\"http:\/\/stage.petrahall.se\/wp-content\/uploads\/2009\/06\/sick_kitty_01.jpg\" alt=\"sick_kitty_01\" width=\"900\" height=\"675\" srcset=\"https:\/\/stage.petrahall.se\/wp-content\/uploads\/2009\/06\/sick_kitty_01.jpg 900w, https:\/\/stage.petrahall.se\/wp-content\/uploads\/2009\/06\/sick_kitty_01-300x225.jpg 300w\" sizes=\"(max-width: 900px) 100vw, 900px\" \/><\/p>\n<p>Sam \u00e4r dock lite skeptisk till all uppm\u00e4rksamhet syrran f\u00e5tt idag. Han m\u00e5r ju prima (eller i alla fall mycket b\u00e4ttre \u00e4n tidigare) och vill ha allas uppm\u00e4rksamhet. En typisk bild p\u00e5 Sam n\u00e4r han ser s\u00e5d\u00e4r extremt skeptisk ut (annars \u00e4r han faktiskt v\u00e4ldigt s\u00f6t!) bjuder jag p\u00e5 h\u00e4r. Visst \u00e4r han r\u00e4tt s\u00f6t \u00e4nd\u00e5, trots sin mulna min? \u00a0\ud83d\ude00<\/p>\n<p><img loading=\"lazy\" class=\"alignnone size-full wp-image-719\" title=\"sick_kitty_02\" src=\"http:\/\/stage.petrahall.se\/wp-content\/uploads\/2009\/06\/sick_kitty_02.jpg\" alt=\"sick_kitty_02\" width=\"900\" height=\"600\" srcset=\"https:\/\/stage.petrahall.se\/wp-content\/uploads\/2009\/06\/sick_kitty_02.jpg 900w, https:\/\/stage.petrahall.se\/wp-content\/uploads\/2009\/06\/sick_kitty_02-300x200.jpg 300w\" sizes=\"(max-width: 900px) 100vw, 900px\" \/><\/p>\n<p>Det k\u00e4nns sk\u00f6nt \u00e4nd\u00e5 att det \u00e4r p\u00e5 r\u00e4tt v\u00e4g med b\u00e5da katterna, f\u00f6r p\u00e5 l\u00f6rdag ska jag ner till Byske och fota f\u00f6rsommarens f\u00f6rsta brudpar. Det ska bli j\u00e4ttesp\u00e4nnande, d\u00e5 jag inte varit i Byske p\u00e5 m\u00e5nga \u00e5r och aldrig i deras vackra kyrka. S\u00e5 h\u00e5ll utkik p\u00e5 bloggen under n\u00e4sta vecka, d\u00e5 dyker det nog upp lite bilder fr\u00e5n l\u00f6rdagens fotografering.<\/p>\n\t<div class=\"p3-fb-like-btn-wrap\">\n\t\t<iframe src=\"http:\/\/www.facebook.com\/plugins\/like.php?href=https%3A%2F%2Fstage.petrahall.se%2Findex.php%2F2009%2F06%2F03%2Fkattsjukhuset%2F&layout=button_count&show_faces=false&action=like&colorscheme=light&width=450&height=35\" scrolling=\"no\" frameborder=\"0\" style=\"border:none; overflow:hidden; width:450px; height:35px;\" allowTransparency=\"true\"><\/iframe>\n\t<\/div>","protected":false},"excerpt":{"rendered":"<p>Det har varit hektiska dagar den senaste veckan, d\u00e5 b\u00e5da mina katter (Siameserna Sam och Suzy) blev magsjuka. Jag ska inte g\u00e5 in p\u00e5 alla detaljer, men det har varit mycket att torka upp fr\u00e5n golv, mattor, soffor, osv. S\u00e5 mycket att katterna varken \u00e5t eller drack n\u00e5got. I l\u00f6rdags s\u00e5 \u00e5kte jag f\u00f6rsta g\u00e5ngen [&hellip;]<\/p>\n","protected":false},"author":1,"featured_media":0,"comment_status":"open","ping_status":"open","sticky":false,"template":"","format":"standard","meta":[],"categories":[4],"tags":[126,124,127,128,125],"_links":{"self":[{"href":"https:\/\/stage.petrahall.se\/index.php\/wp-json\/wp\/v2\/posts\/717"}],"collection":[{"href":"https:\/\/stage.petrahall.se\/index.php\/wp-json\/wp\/v2\/posts"}],"about":[{"href":"https:\/\/stage.petrahall.se\/index.php\/wp-json\/wp\/v2\/types\/post"}],"author":[{"embeddable":true,"href":"https:\/\/stage.petrahall.se\/index.php\/wp-json\/wp\/v2\/users\/1"}],"replies":[{"embeddable":true,"href":"https:\/\/stage.petrahall.se\/index.php\/wp-json\/wp\/v2\/comments?post=717"}],"version-history":[{"count":3,"href":"https:\/\/stage.petrahall.se\/index.php\/wp-json\/wp\/v2\/posts\/717\/revisions"}],"predecessor-version":[{"id":722,"href":"https:\/\/stage.petrahall.se\/index.php\/wp-json\/wp\/v2\/posts\/717\/revisions\/722"}],"wp:attachment":[{"href":"https:\/\/stage.petrahall.se\/index.php\/wp-json\/wp\/v2\/media?parent=717"}],"wp:term":[{"taxonomy":"category","embeddable":true,"href":"https:\/\/stage.petrahall.se\/index.php\/wp-json\/wp\/v2\/categories?post=717"},{"taxonomy":"post_tag","embeddable":true,"href":"https:\/\/stage.petrahall.se\/index.php\/wp-json\/wp\/v2\/tags?post=717"}],"curies":[{"name":"wp","href":"https:\/\/api.w.org\/{rel}","templated":true}]}}