{"id":631,"date":"2009-05-02T13:44:43","date_gmt":"2009-05-02T12:44:43","guid":{"rendered":"http:\/\/stage.petrahall.se\/?p=631"},"modified":"2009-05-02T13:44:43","modified_gmt":"2009-05-02T12:44:43","slug":"mycket-ska-man-hora-innan-oronen-trillar-av","status":"publish","type":"post","link":"https:\/\/stage.petrahall.se\/index.php\/2009\/05\/02\/mycket-ska-man-hora-innan-oronen-trillar-av\/","title":{"rendered":"Mycket ska man h\u00f6ra innan \u00f6ronen trillar av!"},"content":{"rendered":"<p>Ig\u00e5r l\u00e4ste jag ett inl\u00e4gg p\u00e5 <a href=\"http:\/\/www.moderskeppet.se\/live\/arkiv\/2009\/har-vi-mutad-dig-till-att-soka-vara-kurser\" target=\"_blank\">Moderskeppets blogg<\/a> som fick mig att trilla bakl\u00e4nges! En h\u00f6gt uppsatt person inom universitetsv\u00e4rlden (rektor p\u00e5 Stockholms universitet, styrelseledamot i Sveriges universitets- och h\u00f6gskolef\u00f6rbund och ledamot av Kungliga Vetenskapsakademien) har i stort sett trampat i klaveret rej\u00e4lt och dessutom f\u00f6rol\u00e4mpat ett antal foto- och Photoshopintresserade m\u00e4nniskor i landet.<\/p>\n<p>Moderskeppets skapare Mattias Karlsson \u00e4r l\u00e4rare p\u00e5 H\u00f6gskolan i J\u00f6nk\u00f6ping och har framg\u00e5ngsrikt under ett par \u00e5r drivit distansutbildning i Bildbehandling. Flera tusentals elever har g\u00e5tt kursen och f\u00e5tt \u00f6kade kunskaper i Photoshop. Nu under h\u00f6sten startar dessutom en kurs i fotografi (visuell\u00a0kommunikation). B\u00e5da dessa kurser \u00e4r p\u00e5 kvartsfart och ger 7,5 h\u00f6gskolepo\u00e4ng vardera. Ett s\u00e4tt f\u00f6r m\u00e5nga att l\u00e4ra sig n\u00e5got nytt, utan att beh\u00f6va bo n\u00e4ra ett l\u00e4ros\u00e4tet, utan de kan studera hemma i soffan eller i sitt datorh\u00f6rn.<\/p>\n<p>N\u00e5, vad \u00e4r det d\u00e5 som f\u00e5r mig att reagera? Jo, det \u00e4r K\u00e5re Bremers kommentar i <a href=\"http:\/\/blogs.su.se\/kbrem\/Utbildning\/kbrem-FHm7229b\" target=\"_blank\">sin blogg<\/a> om s\u00f6ktrycket p\u00e5 h\u00f6gskolor och framf\u00f6rallt reagerar jag p\u00e5 hans kommentar om dessa tv\u00e5 distanskurser p\u00e5 H\u00f6gskolan i J\u00f6nk\u00f6ping, d\u00e4r han s\u00e4ger:\u00a0<\/p>\n<blockquote><p><em>Tittar man p\u00e5 frist\u00e5ende kurser toppar tv\u00e5 kurser i fotografi respektive bildbehandling vid H\u00f6gskolan i J\u00f6nk\u00f6ping, enligt uppgift \u00e5tminstone delvis sammanh\u00e4ngande med att studenterna vid dessa kurser gratis f\u00f6rses med dyrbar programvara.<\/em><\/p><\/blockquote>\n<p>F\u00f6r det f\u00f6rsta, detta p\u00e5st\u00e5ende att eleverna f\u00e5r gratis (och dyra) programvaror \u00e4r en helt felaktig uppgift! Eleverna p\u00e5 H\u00f6gskolan i J\u00f6nk\u00f6ping betalar f\u00f6r sin kurslitteratur och programvaror, precis som alla andra elever m\u00e5ste g\u00f6ra, p\u00e5 andra h\u00f6gskolor och universitet i landet. F\u00f6r det andra verkar det drypa av avundsjuka att H\u00f6gskolan i J\u00f6nk\u00f6ping har ett s\u00e5nt tryck p\u00e5 ans\u00f6kningar (och d\u00e4rmed f\u00e5r st\u00f6rre bidrag fr\u00e5n staten \u2014 dvs det \u00e4r vad v\u00e5ra skattepengar bland annat g\u00e5r till, n\u00e5got som jag skulle vilja kalla f\u00f6r folkbildning!). Ett lyckat koncept av H\u00f6gskolan i J\u00f6nk\u00f6ping, som s\u00e4kert Bremer \u00f6nskar att Stockholms universitet hade kommit p\u00e5 ist\u00e4llet, men ist\u00e4llet f\u00f6r att gratulera s\u00e5 f\u00f6rs\u00f6ker K\u00e5re Bremer misskreditera kursverksamheten.<\/p>\n<p>Efter en formligen l\u00e4sarstorm p\u00e5 Moderskeppets hemsida under fredagen (1:a maj) s\u00e5 kommenterar K\u00e5re Bremer senare p\u00e5 p\u00e5 kv\u00e4llen i <a href=\"http:\/\/blogs.su.se\/kbrem\/kbrem-fq0pjlpA\" target=\"_blank\">sin blogg<\/a>, att hans kommentar om gratis programvara var lite olyckligt, och s\u00e4ger:<\/p>\n<blockquote><p><em>Jag ber de som tagit illa upp av mitt inl\u00e4gg om urs\u00e4kt och beklagar om uppgiften om gratis programvara \u00e4r felaktig. Jag har f\u00e5tt den av en student (vars namn jag inte t\u00e4nker uppge). Om det nu skulle finnas gratis programvara eller annat material som sammanh\u00e4nger med en kurs s\u00e5 har jag dock sv\u00e5rt att se varf\u00f6r det skulle uppfattas som en muta. Det vore v\u00e4l alldeles utm\u00e4rkt om studenterna slapp betala f\u00f6r dyrbart kursmaterial.\u00a0<\/em><\/p><\/blockquote>\n<p>\u00d6h, okej. Han s\u00e4ger att en student gett honom den uppgiften. Hade det inte varit l\u00e4ttare att kanske fr\u00e5ga fler elever, eller kanske till och med fr\u00e5gat Mattias Karlsson sj\u00e4lv!?\u00a0I kommentaren ovan, d\u00e4r K\u00e5re Bremer &#8220;paddlar bakl\u00e4nges&#8221; lite och skyller p\u00e5 en student, s\u00e5 s\u00e4ger han &#8220;om&#8221; uppgiften skulle vara fel, inte ATT den \u00e4r fel. Vilken den bevisligen \u00e4r! \u00a0\u00d6ver 300 kommentarer p\u00e5 Moderskeppets blogg vittnar om inte annat att K\u00e5re Bremer \u00e4r ute och sneseglar rej\u00e4lt!\u00a0<\/p>\n<p>Min uppmaning \u00e4r att K\u00e5re Bremer inte bara ber alla studenter om urs\u00e4kt, men ocks\u00e5 ber Mattias Karlsson och hans stab med l\u00e4rare om urs\u00e4kt, och dessutom hela H\u00f6gskolan i J\u00f6nk\u00f6ping om urs\u00e4kt. Detta \u00e4r ett rent l\u00f6jligt p\u00e5st\u00e5ende, och att sen inte ens v\u00e5ga ta tillbaka p\u00e5st\u00e5endet helt och dessutom g\u00f6mma sig bakom en anonym k\u00e4lla som ben\u00e4mns som &#8220;en student&#8221; \u00e4r rent utav fegt. Erk\u00e4nn att du gjort fel, K\u00e5re!<\/p>\n<p>Det \u00e4r nog dags f\u00f6r herr Bremer att lyfta rumpan fr\u00e5n sin kontorsstol och bege sig ut i verkligheten lite. F\u00f6r vem har nytta av en person som sitter s\u00e5 h\u00f6gt upp inom den akademiska v\u00e4rlden att han inte l\u00e4ngre har n\u00e5got hum om hur studenternas v\u00e4rld fungerar? Min personliga \u00e5sikt \u00e4r nog att han suttit f\u00f6r l\u00e4nge p\u00e5 sina poster och borde fundera p\u00e5 en ny karri\u00e4r.<\/p>\n<p>Varf\u00f6r blir jag s\u00e5 uppr\u00f6rd \u00f6ver detta, fr\u00e5gar ni d\u00e5 er kanske? Jo, jag har dels sj\u00e4lv g\u00e5tt kursen och d\u00e5 fick jag inga programvaror gratis. Jag har dessutom under snart tv\u00e5 terminers tid jobbat som hj\u00e4lpl\u00e4rare med kursen f\u00f6r Bildbehandling och jag vet hur eleverna t\u00e4nker och resonerar (inte ens som l\u00e4rare f\u00e5r jag programvaror gratis, kan jag ber\u00e4tta ocks\u00e5). Jag spenderar 10 timmar i veckan, och bes\u00f6ker flera g\u00e5nger om dagen diskussionsforumet PingPong, d\u00e4r jag hj\u00e4lper studenterna i just kursen f\u00f6r\u00a0bildbehandling med programmet Photoshop. S\u00e5 om n\u00e5gon vet vad eleverna s\u00e4ger p\u00e5 kursen \u00e4r det jag.\u00a0<\/p>\n<p>S\u00e5 fr\u00e5ga mig n\u00e4sta g\u00e5ng K\u00e5re, s\u00e5 kanske du f\u00e5r lite mer tyngd bakom dina p\u00e5st\u00e5enden!<\/p>\n<p>Eftersom detta \u00e4r ett ovanligt inl\u00e4gg p\u00e5 min blogg, d\u00e5 jag normalt inte skriver s\u00e5 h\u00e4r personligt utan att posta n\u00e5gon bild, s\u00e5 kommer h\u00e4r ett par bilder jag jobbat med i Photoshop tidigare, dvs det program jag betalat pengar f\u00f6r, precis som alla andra. B\u00f6rjar du fatta nu, K\u00e5re?<\/p>\n<p>Torpa &#8211; Hofn\u00e4s utanf\u00f6r Ulricehamn:<\/p>\n<p><img loading=\"lazy\" class=\"alignnone size-full wp-image-632\" title=\"hofnas_2\" src=\"http:\/\/stage.petrahall.se\/wp-content\/uploads\/2009\/05\/hofnas_2.jpg\" alt=\"hofnas_2\" width=\"900\" height=\"600\" srcset=\"https:\/\/stage.petrahall.se\/wp-content\/uploads\/2009\/05\/hofnas_2.jpg 900w, https:\/\/stage.petrahall.se\/wp-content\/uploads\/2009\/05\/hofnas_2-300x200.jpg 300w\" sizes=\"(max-width: 900px) 100vw, 900px\" \/><img loading=\"lazy\" class=\"alignnone size-full wp-image-638\" title=\"hofnas\" src=\"http:\/\/stage.petrahall.se\/wp-content\/uploads\/2009\/05\/hofnas.jpg\" alt=\"hofnas\" width=\"900\" height=\"675\" srcset=\"https:\/\/stage.petrahall.se\/wp-content\/uploads\/2009\/05\/hofnas.jpg 900w, https:\/\/stage.petrahall.se\/wp-content\/uploads\/2009\/05\/hofnas-300x225.jpg 300w\" sizes=\"(max-width: 900px) 100vw, 900px\" \/><\/p>\n\t<div class=\"p3-fb-like-btn-wrap\">\n\t\t<iframe src=\"http:\/\/www.facebook.com\/plugins\/like.php?href=https%3A%2F%2Fstage.petrahall.se%2Findex.php%2F2009%2F05%2F02%2Fmycket-ska-man-hora-innan-oronen-trillar-av%2F&layout=button_count&show_faces=false&action=like&colorscheme=light&width=450&height=35\" scrolling=\"no\" frameborder=\"0\" style=\"border:none; overflow:hidden; width:450px; height:35px;\" allowTransparency=\"true\"><\/iframe>\n\t<\/div>","protected":false},"excerpt":{"rendered":"<p>Ig\u00e5r l\u00e4ste jag ett inl\u00e4gg p\u00e5 Moderskeppets blogg som fick mig att trilla bakl\u00e4nges! En h\u00f6gt uppsatt person inom universitetsv\u00e4rlden (rektor p\u00e5 Stockholms universitet, styrelseledamot i Sveriges universitets- och h\u00f6gskolef\u00f6rbund och ledamot av Kungliga Vetenskapsakademien) har i stort sett trampat i klaveret rej\u00e4lt och dessutom f\u00f6rol\u00e4mpat ett antal foto- och Photoshopintresserade m\u00e4nniskor i landet. Moderskeppets [&hellip;]<\/p>\n","protected":false},"author":1,"featured_media":0,"comment_status":"open","ping_status":"open","sticky":false,"template":"","format":"standard","meta":[],"categories":[4],"tags":[105,104,103],"_links":{"self":[{"href":"https:\/\/stage.petrahall.se\/index.php\/wp-json\/wp\/v2\/posts\/631"}],"collection":[{"href":"https:\/\/stage.petrahall.se\/index.php\/wp-json\/wp\/v2\/posts"}],"about":[{"href":"https:\/\/stage.petrahall.se\/index.php\/wp-json\/wp\/v2\/types\/post"}],"author":[{"embeddable":true,"href":"https:\/\/stage.petrahall.se\/index.php\/wp-json\/wp\/v2\/users\/1"}],"replies":[{"embeddable":true,"href":"https:\/\/stage.petrahall.se\/index.php\/wp-json\/wp\/v2\/comments?post=631"}],"version-history":[{"count":9,"href":"https:\/\/stage.petrahall.se\/index.php\/wp-json\/wp\/v2\/posts\/631\/revisions"}],"predecessor-version":[{"id":643,"href":"https:\/\/stage.petrahall.se\/index.php\/wp-json\/wp\/v2\/posts\/631\/revisions\/643"}],"wp:attachment":[{"href":"https:\/\/stage.petrahall.se\/index.php\/wp-json\/wp\/v2\/media?parent=631"}],"wp:term":[{"taxonomy":"category","embeddable":true,"href":"https:\/\/stage.petrahall.se\/index.php\/wp-json\/wp\/v2\/categories?post=631"},{"taxonomy":"post_tag","embeddable":true,"href":"https:\/\/stage.petrahall.se\/index.php\/wp-json\/wp\/v2\/tags?post=631"}],"curies":[{"name":"wp","href":"https:\/\/api.w.org\/{rel}","templated":true}]}}