{"id":534,"date":"2009-01-05T17:48:12","date_gmt":"2009-01-05T16:48:12","guid":{"rendered":"http:\/\/stage.petrahall.se\/?p=534"},"modified":"2009-01-05T19:02:00","modified_gmt":"2009-01-05T18:02:00","slug":"nyheter-under-2009","status":"publish","type":"post","link":"https:\/\/stage.petrahall.se\/index.php\/2009\/01\/05\/nyheter-under-2009\/","title":{"rendered":"Nyheter under 2009!"},"content":{"rendered":"<p>\u00a0<\/p>\n<p>I \u00e5r kommer mina brudpar att kunna v\u00e4lja f\u00e4rdiga paket (<a href=\"http:\/\/stage.petrahall.se\/Prislista_2009.pdf\" target=\"_blank\">se prislistan<\/a>) f\u00f6r att l\u00e4ttare plocka ihop ett paket som passar dem och deras pl\u00e5nbok. Allt fr\u00e5n 2 timmars portr\u00e4ttfotografering till bevakning under hela dagen, med allt fr\u00e5n f\u00f6rberedelse till flera timmar under festen.\u00a0<\/p>\n<p>Jag tror att dessa nyheter kommer att bli sp\u00e4nnande f\u00f6r mina brudpar, d\u00e5 de kan v\u00e4lja f\u00e4rdiga paket och \u00e4ven kunna dra nytta av mina kunskaper inom andra omr\u00e5den \u00e4n bara mina kunskaper som fotograf. Givetvis kan man plocka ihop ett eget paket, men de\u00a0 f\u00e4rdiga paketen \u00e4r utformade efter de mest popul\u00e4ra valen och \u00e4r mer prisv\u00e4rda \u00e4n att plocka ihop egna paket.<\/p>\n<p><strong>Album \u00e4r den stora nyheten f\u00f6r i \u00e5r!<\/strong><\/p>\n<p>Under 2009 blir det premi\u00e4r f\u00f6r album i tv\u00e5 olika storlekar till mina brudpar. Ett vackert l\u00e4derinbundet album som \u00e4r specialdesignat av mig (individuellt f\u00f6r varje brudpar). Eftersom jag \u00e4ven h\u00e5ller p\u00e5 med grafisk design, s\u00e5 tror jag detta kommer att bli n\u00e5got alldeles extra.\u00a0<\/p>\n<p>I det mindre albumet (20 x 20 cm, som ing\u00e5r som standard i Silverpaketet) finns 20 sidor och rymmer minst 40-50 bilder, lite beroende p\u00e5 hur designen ser ut. Det st\u00f6rre albumet som ing\u00e5r som standard f\u00f6r Guldpaketet \u00e4r 25 x 25 cm och har 30 sidor med plats f\u00f6r minst 60-75 bilder.\u00a0<\/p>\n<p><img loading=\"lazy\" class=\"alignnone size-full wp-image-535\" title=\"album_02\" src=\"http:\/\/stage.petrahall.se\/wp-content\/uploads\/2009\/01\/album_02.jpg\" alt=\"album_02\" width=\"900\" height=\"740\" srcset=\"https:\/\/stage.petrahall.se\/wp-content\/uploads\/2009\/01\/album_02.jpg 900w, https:\/\/stage.petrahall.se\/wp-content\/uploads\/2009\/01\/album_02-300x246.jpg 300w\" sizes=\"(max-width: 900px) 100vw, 900px\" \/><img loading=\"lazy\" class=\"alignnone size-full wp-image-536\" title=\"album_01\" src=\"http:\/\/stage.petrahall.se\/wp-content\/uploads\/2009\/01\/album_01.jpg\" alt=\"album_01\" width=\"900\" height=\"740\" srcset=\"https:\/\/stage.petrahall.se\/wp-content\/uploads\/2009\/01\/album_01.jpg 900w, https:\/\/stage.petrahall.se\/wp-content\/uploads\/2009\/01\/album_01-300x246.jpg 300w\" sizes=\"(max-width: 900px) 100vw, 900px\" \/><\/p>\n<p>Bilderna h\u00e4r visar mitt provalbum som \u00e4r 20 x 20 cm.\u00a0<\/p>\n<p>Albumet kommer i en fin paketering s\u00e5 att det ska h\u00e5lla l\u00e4nge och klara tidens tand utan problem. F\u00f6r Silverpaketskunderna finns \u00e4ven m\u00f6jlighet att uppgradera till det st\u00f6rre albumet f\u00f6r en rimlig penning och f\u00f6r Bronspaketskunderna finns ocks\u00e5 m\u00f6jligheten att k\u00f6pa album som tillval (se prislistan).<\/p>\n<p><strong>Alla bilder p\u00e5 skiva<\/strong><\/p>\n<p>En annan \u2013 lite mindre \u2013 nyhet \u00e4r att det nu i Guldpaketet ing\u00e5r en skiva med alla digitalbilderna (som de presenteras p\u00e5 webben)\u00a0 i h\u00f6guppl\u00f6st format. De \u00e4r till stor del oredigerade (f\u00f6rutom de bilder som best\u00e4lls som f\u00f6rstoringar och de bilder som kommer i albumet), s\u00e5 det rekommenderas \u00e4nd\u00e5 att brudparen k\u00f6per f\u00f6rstoringar av mig, s\u00e5 att de f\u00e5r den r\u00e4tta &#8220;Petra-looken&#8221; p\u00e5 bilderna.\u00a0<\/p>\n<p><img loading=\"lazy\" class=\"alignnone size-full wp-image-537\" title=\"dvdskivan\" src=\"http:\/\/stage.petrahall.se\/wp-content\/uploads\/2009\/01\/dvdskivan.jpg\" alt=\"dvdskivan\" width=\"900\" height=\"600\" srcset=\"https:\/\/stage.petrahall.se\/wp-content\/uploads\/2009\/01\/dvdskivan.jpg 900w, https:\/\/stage.petrahall.se\/wp-content\/uploads\/2009\/01\/dvdskivan-300x200.jpg 300w\" sizes=\"(max-width: 900px) 100vw, 900px\" \/><\/p>\n<p>Silver- och Bronspaketskunderna kan k\u00f6pa dessa skivor med alla bilder som tillval till sina paket (se prislistan f\u00f6r respektive priser), d\u00e5 det bara \u00e4r Guldpaketet som f\u00e5r skivan i sitt paket.<\/p>\n<p><strong>Bonusprogram p\u00e5 tackkortsbilder<\/strong><\/p>\n<p>F\u00f6r att g\u00f6ra det lite billigare har jag inf\u00f6rt ett bonusprogram f\u00f6r de som k\u00f6per bilder till sina tackkort (jag rekommenderar f\u00f6rresten det fantastiskt fina f\u00f6retaget <a title=\"Kortdesign\" href=\"http:\/\/www.kortdesign.se\/\" target=\"_blank\">http:\/\/www.kortdesign.se\/<\/a> f\u00f6r allt som g\u00e4ller kortdesign till inbjudningar, placeringskort, tackkort, mm.) De f\u00f6rsta tio kopiorna betalar ni fullpris f\u00f6r, sedan betalar ni som mest 25% av fullpriset f\u00f6r resterande kopior. Silver- och Guldpaketskunderna f\u00e5r dessutom en liten rabatt p\u00e5 fullpriset ocks\u00e5, s\u00e5 det l\u00f6nar sig att satsa p\u00e5 dessa paket i l\u00e4ngden. Se prislistan f\u00f6r fullst\u00e4ndiga priser.<\/p>\n<p><strong>Begr\u00e4nsat antal br\u00f6llop under 2009<\/strong><\/p>\n<p>I \u00e5r kommer jag att begr\u00e4nsa antalet br\u00f6llop jag fotar, eftersom jag kommer att spendera mer tid p\u00e5 att designa album och p\u00e5 s\u00e5 s\u00e4tt ge mina kunder en b\u00e4ttre service. Jag kommer att fota max 10 br\u00f6llop under hela 2009, s\u00e5 f\u00f6r att f\u00f6rs\u00e4kra er att jag kan fota er p\u00e5\u00a0 just ert datum b\u00f6r ni boka i tid.<\/p>\n<p>Har ni fr\u00e5gor ang\u00e5ende detta, eller andra fr\u00e5gor, s\u00e5 \u00e4r ni hj\u00e4rtligt v\u00e4lkomna att h\u00f6ra av er.<\/p>\n<p>Jag vill avslutningsvis \u00f6nska alla mina kunder (gamla som nya) ett riktigt gott nytt \u00e5r!<\/p>\n\t<div class=\"p3-fb-like-btn-wrap\">\n\t\t<iframe src=\"http:\/\/www.facebook.com\/plugins\/like.php?href=https%3A%2F%2Fstage.petrahall.se%2Findex.php%2F2009%2F01%2F05%2Fnyheter-under-2009%2F&layout=button_count&show_faces=false&action=like&colorscheme=light&width=450&height=35\" scrolling=\"no\" frameborder=\"0\" style=\"border:none; overflow:hidden; width:450px; height:35px;\" allowTransparency=\"true\"><\/iframe>\n\t<\/div>","protected":false},"excerpt":{"rendered":"<p>\u00a0 I \u00e5r kommer mina brudpar att kunna v\u00e4lja f\u00e4rdiga paket (se prislistan) f\u00f6r att l\u00e4ttare plocka ihop ett paket som passar dem och deras pl\u00e5nbok. Allt fr\u00e5n 2 timmars portr\u00e4ttfotografering till bevakning under hela dagen, med allt fr\u00e5n f\u00f6rberedelse till flera timmar under festen.\u00a0 Jag tror att dessa nyheter kommer att bli sp\u00e4nnande f\u00f6r [&hellip;]<\/p>\n","protected":false},"author":1,"featured_media":0,"comment_status":"open","ping_status":"open","sticky":false,"template":"","format":"standard","meta":[],"categories":[3],"tags":[76,60,24,308,10,9,78,77,8,39,80,56,75,20,309,79,44,74],"_links":{"self":[{"href":"https:\/\/stage.petrahall.se\/index.php\/wp-json\/wp\/v2\/posts\/534"}],"collection":[{"href":"https:\/\/stage.petrahall.se\/index.php\/wp-json\/wp\/v2\/posts"}],"about":[{"href":"https:\/\/stage.petrahall.se\/index.php\/wp-json\/wp\/v2\/types\/post"}],"author":[{"embeddable":true,"href":"https:\/\/stage.petrahall.se\/index.php\/wp-json\/wp\/v2\/users\/1"}],"replies":[{"embeddable":true,"href":"https:\/\/stage.petrahall.se\/index.php\/wp-json\/wp\/v2\/comments?post=534"}],"version-history":[{"count":5,"href":"https:\/\/stage.petrahall.se\/index.php\/wp-json\/wp\/v2\/posts\/534\/revisions"}],"predecessor-version":[{"id":544,"href":"https:\/\/stage.petrahall.se\/index.php\/wp-json\/wp\/v2\/posts\/534\/revisions\/544"}],"wp:attachment":[{"href":"https:\/\/stage.petrahall.se\/index.php\/wp-json\/wp\/v2\/media?parent=534"}],"wp:term":[{"taxonomy":"category","embeddable":true,"href":"https:\/\/stage.petrahall.se\/index.php\/wp-json\/wp\/v2\/categories?post=534"},{"taxonomy":"post_tag","embeddable":true,"href":"https:\/\/stage.petrahall.se\/index.php\/wp-json\/wp\/v2\/tags?post=534"}],"curies":[{"name":"wp","href":"https:\/\/api.w.org\/{rel}","templated":true}]}}