{"id":380,"date":"2008-08-13T16:14:07","date_gmt":"2008-08-13T15:14:07","guid":{"rendered":"http:\/\/stage.petrahall.se\/?p=380"},"modified":"2008-08-13T16:14:07","modified_gmt":"2008-08-13T15:14:07","slug":"gladjespridare","status":"publish","type":"post","link":"https:\/\/stage.petrahall.se\/index.php\/2008\/08\/13\/gladjespridare\/","title":{"rendered":"Gl\u00e4djespridare!"},"content":{"rendered":"<p>Jag fick en s\u00e5n trevlig \u00f6verraskning idag att jag bara myyyyyyyser. En Pitetjej med namnet <a title=\"CattasattaC scrapbooking\" href=\"http:\/\/cattasattac.blogspot.com\/\" target=\"_blank\">Catta<\/a> har nominerat min fotoblogg och inte bara en g\u00e5ng, utan faktiskt tv\u00e5 g\u00e5nger. Men det hade jag missat. Men nu t\u00e4nker jag fira med B\u00c5DA nomineringarna!<\/p>\n<p>\u00a0<a href=\"http:\/\/stage.petrahall.se\/wp-content\/uploads\/2008\/08\/briliante.jpg\"><img loading=\"lazy\" class=\"alignnone size-full wp-image-381\" title=\"briliante\" src=\"http:\/\/stage.petrahall.se\/wp-content\/uploads\/2008\/08\/briliante.jpg\" alt=\"\" width=\"200\" height=\"118\" \/>\u00a0\u00a0<\/a><img loading=\"lazy\" class=\"alignnone size-full wp-image-382\" title=\"i_love_your_blog\" src=\"http:\/\/stage.petrahall.se\/wp-content\/uploads\/2008\/08\/i_love_your_blog.png\" alt=\"\" width=\"200\" height=\"200\" srcset=\"https:\/\/stage.petrahall.se\/wp-content\/uploads\/2008\/08\/i_love_your_blog.png 200w, https:\/\/stage.petrahall.se\/wp-content\/uploads\/2008\/08\/i_love_your_blog-150x150.png 150w\" sizes=\"(max-width: 200px) 100vw, 200px\" \/><\/p>\n<p><a href=\"http:\/\/stage.petrahall.se\/wp-content\/uploads\/2008\/08\/briliante.jpg\"><\/a>Jag blev f\u00f6rst omn\u00e4mnd redan 1 augusti med utm\u00e4rkelsen till v\u00e4nster,\u00a0med motiveringen:\u00a0<br \/>\n<a href=\"http:\/\/stage.petrahall.se\/\"><span><em>Petra Halls blogg<\/em><\/span><\/a><em>&#8211; En underbar fotograf fr\u00e5n Pite\u00e5 som l\u00e4gger ut sina nytagna bilder som \u00e4r fulla av gl\u00e4dje och k\u00e4rlek.<\/em><\/p>\n<p>Hur mysigt som helst ju! Som nu reglerna \u00e4r, s\u00e5 ska jag nu i min tur n\u00e4mna 7 andra bloggar som jag tycker \u00e4r bra, och jag m\u00e5ste fundera lite. Eftersom jag ju ocks\u00e5 fick en ytterligare nominering av Catta, d\u00e4r reglerna \u00e4r n\u00e4stan likadana (se nedan).<\/p>\n<p>Den andra nomineringen som jag ocks\u00e5 fick av Catta, var idag (den 13 augusti) med denna s\u00f6ta bilden till h\u00f6ger, och motiveringen \u00e4r densamma som tidigare:<\/p>\n<p>\u00a0<a href=\"http:\/\/stage.petrahall.se\/\"><span><em>Petra Halls blogg<\/em><\/span><\/a><em>&#8211; En underbar fotograf fr\u00e5n Pite\u00e5 som l\u00e4gger ut sina nytagna bilder som \u00e4r fulla av gl\u00e4dje och k\u00e4rlek<\/em><\/p>\n<p>There&#8217;s some rules for this award as well:<\/p>\n<p>1. The winner can put the logo on her blog.<br \/>\n2. Link the person you received your award from.<br \/>\n3. Nominate at least 7 other blogs.<br \/>\n4. Put links of those blogs on yours.<br \/>\n5. Leave a message on the blogs of the girls you\u2019ve nominated.<\/p>\n<p>P\u00e5 med t\u00e4nkarm\u00f6ssan, f\u00f6r nu m\u00e5ste jag fundera hur och vilka jag ska nominera, om det blir 7 eller faktiskt 14 personer! Det ska bli sp\u00e4nnande och jag \u00e5terkommer med listan strax. Men f\u00f6rst vill jag f\u00f6rst\u00e5s tack Catta och skicka kramar f\u00f6r omtanken! \ud83d\ude00<\/p>\n\t<div class=\"p3-fb-like-btn-wrap\">\n\t\t<iframe src=\"http:\/\/www.facebook.com\/plugins\/like.php?href=https%3A%2F%2Fstage.petrahall.se%2Findex.php%2F2008%2F08%2F13%2Fgladjespridare%2F&layout=button_count&show_faces=false&action=like&colorscheme=light&width=450&height=35\" scrolling=\"no\" frameborder=\"0\" style=\"border:none; overflow:hidden; width:450px; height:35px;\" allowTransparency=\"true\"><\/iframe>\n\t<\/div>","protected":false},"excerpt":{"rendered":"<p>Jag fick en s\u00e5n trevlig \u00f6verraskning idag att jag bara myyyyyyyser. En Pitetjej med namnet Catta har nominerat min fotoblogg och inte bara en g\u00e5ng, utan faktiskt tv\u00e5 g\u00e5nger. Men det hade jag missat. Men nu t\u00e4nker jag fira med B\u00c5DA nomineringarna! \u00a0\u00a0\u00a0 Jag blev f\u00f6rst omn\u00e4mnd redan 1 augusti med utm\u00e4rkelsen till v\u00e4nster,\u00a0med motiveringen:\u00a0 [&hellip;]<\/p>\n","protected":false},"author":1,"featured_media":0,"comment_status":"open","ping_status":"open","sticky":false,"template":"","format":"standard","meta":[],"categories":[4],"tags":[],"_links":{"self":[{"href":"https:\/\/stage.petrahall.se\/index.php\/wp-json\/wp\/v2\/posts\/380"}],"collection":[{"href":"https:\/\/stage.petrahall.se\/index.php\/wp-json\/wp\/v2\/posts"}],"about":[{"href":"https:\/\/stage.petrahall.se\/index.php\/wp-json\/wp\/v2\/types\/post"}],"author":[{"embeddable":true,"href":"https:\/\/stage.petrahall.se\/index.php\/wp-json\/wp\/v2\/users\/1"}],"replies":[{"embeddable":true,"href":"https:\/\/stage.petrahall.se\/index.php\/wp-json\/wp\/v2\/comments?post=380"}],"version-history":[{"count":12,"href":"https:\/\/stage.petrahall.se\/index.php\/wp-json\/wp\/v2\/posts\/380\/revisions"}],"predecessor-version":[{"id":394,"href":"https:\/\/stage.petrahall.se\/index.php\/wp-json\/wp\/v2\/posts\/380\/revisions\/394"}],"wp:attachment":[{"href":"https:\/\/stage.petrahall.se\/index.php\/wp-json\/wp\/v2\/media?parent=380"}],"wp:term":[{"taxonomy":"category","embeddable":true,"href":"https:\/\/stage.petrahall.se\/index.php\/wp-json\/wp\/v2\/categories?post=380"},{"taxonomy":"post_tag","embeddable":true,"href":"https:\/\/stage.petrahall.se\/index.php\/wp-json\/wp\/v2\/tags?post=380"}],"curies":[{"name":"wp","href":"https:\/\/api.w.org\/{rel}","templated":true}]}}