{"id":302,"date":"2008-07-13T18:04:12","date_gmt":"2008-07-13T17:04:12","guid":{"rendered":"http:\/\/stage.petrahall.se\/?p=302"},"modified":"2008-07-13T18:04:12","modified_gmt":"2008-07-13T17:04:12","slug":"linda-och-micke","status":"publish","type":"post","link":"https:\/\/stage.petrahall.se\/index.php\/2008\/07\/13\/linda-och-micke\/","title":{"rendered":"Linda och Micke"},"content":{"rendered":"<p>Ig\u00e5r, den 12 juli, gifte sig Linda och Micke i \u00d6jeby kyrka. D\u00e5 de skulle ha festen i J\u00e4vre (n\u00e5gra mil s\u00f6der om Pite\u00e5), s\u00e5 best\u00e4mde vi att ta lite bilder i J\u00e4vre Hamn. Det var str\u00e5lande sol och underbart sommarv\u00e4der! Dock skojade jag lite (med ett gryn av sanning) att det var ett hemskt v\u00e4der &#8211; f\u00f6r mig som fotograf, d\u00e5 det blir s\u00e5 himla starka skuggor. Men vi lyckades \u00e4nd\u00e5 f\u00e5nga m\u00e5nga fina bilder, s\u00e5 jag tror nog det blev bra \u00e4nd\u00e5. H\u00e4r kommer ett litet smakprov fr\u00e5n v\u00e5r fotosession kring fyren i J\u00e4vre Hamn.<\/p>\n<p><img loading=\"lazy\" class=\"alignnone size-full wp-image-303\" title=\"linda_micke_01\" src=\"http:\/\/stage.petrahall.se\/wp-content\/uploads\/2008\/07\/linda_micke_01.jpg\" alt=\"\" width=\"900\" height=\"675\" srcset=\"https:\/\/stage.petrahall.se\/wp-content\/uploads\/2008\/07\/linda_micke_01.jpg 900w, https:\/\/stage.petrahall.se\/wp-content\/uploads\/2008\/07\/linda_micke_01-300x225.jpg 300w\" sizes=\"(max-width: 900px) 100vw, 900px\" \/><img loading=\"lazy\" class=\"alignnone size-full wp-image-304\" title=\"linda_micke_02\" src=\"http:\/\/stage.petrahall.se\/wp-content\/uploads\/2008\/07\/linda_micke_02.jpg\" alt=\"\" width=\"900\" height=\"675\" srcset=\"https:\/\/stage.petrahall.se\/wp-content\/uploads\/2008\/07\/linda_micke_02.jpg 900w, https:\/\/stage.petrahall.se\/wp-content\/uploads\/2008\/07\/linda_micke_02-300x225.jpg 300w\" sizes=\"(max-width: 900px) 100vw, 900px\" \/><img loading=\"lazy\" class=\"alignnone size-full wp-image-305\" title=\"linda_micke_03\" src=\"http:\/\/stage.petrahall.se\/wp-content\/uploads\/2008\/07\/linda_micke_03.jpg\" alt=\"\" width=\"900\" height=\"675\" srcset=\"https:\/\/stage.petrahall.se\/wp-content\/uploads\/2008\/07\/linda_micke_03.jpg 900w, https:\/\/stage.petrahall.se\/wp-content\/uploads\/2008\/07\/linda_micke_03-300x225.jpg 300w\" sizes=\"(max-width: 900px) 100vw, 900px\" \/><img loading=\"lazy\" class=\"alignnone size-full wp-image-306\" title=\"linda_micke_04\" src=\"http:\/\/stage.petrahall.se\/wp-content\/uploads\/2008\/07\/linda_micke_04.jpg\" alt=\"\" width=\"900\" height=\"601\" srcset=\"https:\/\/stage.petrahall.se\/wp-content\/uploads\/2008\/07\/linda_micke_04.jpg 900w, https:\/\/stage.petrahall.se\/wp-content\/uploads\/2008\/07\/linda_micke_04-300x200.jpg 300w\" sizes=\"(max-width: 900px) 100vw, 900px\" \/><img loading=\"lazy\" class=\"alignnone size-full wp-image-307\" title=\"linda_micke_05\" src=\"http:\/\/stage.petrahall.se\/wp-content\/uploads\/2008\/07\/linda_micke_05.jpg\" alt=\"\" width=\"900\" height=\"675\" srcset=\"https:\/\/stage.petrahall.se\/wp-content\/uploads\/2008\/07\/linda_micke_05.jpg 900w, https:\/\/stage.petrahall.se\/wp-content\/uploads\/2008\/07\/linda_micke_05-300x225.jpg 300w\" sizes=\"(max-width: 900px) 100vw, 900px\" \/><img loading=\"lazy\" class=\"alignnone size-full wp-image-308\" title=\"linda_micke_06\" src=\"http:\/\/stage.petrahall.se\/wp-content\/uploads\/2008\/07\/linda_micke_06.jpg\" alt=\"\" width=\"900\" height=\"601\" srcset=\"https:\/\/stage.petrahall.se\/wp-content\/uploads\/2008\/07\/linda_micke_06.jpg 900w, https:\/\/stage.petrahall.se\/wp-content\/uploads\/2008\/07\/linda_micke_06-300x200.jpg 300w\" sizes=\"(max-width: 900px) 100vw, 900px\" \/><img loading=\"lazy\" class=\"alignnone size-full wp-image-309\" title=\"linda_micke_07\" src=\"http:\/\/stage.petrahall.se\/wp-content\/uploads\/2008\/07\/linda_micke_07.jpg\" alt=\"\" width=\"900\" height=\"601\" srcset=\"https:\/\/stage.petrahall.se\/wp-content\/uploads\/2008\/07\/linda_micke_07.jpg 900w, https:\/\/stage.petrahall.se\/wp-content\/uploads\/2008\/07\/linda_micke_07-300x200.jpg 300w\" sizes=\"(max-width: 900px) 100vw, 900px\" \/><\/p>\n<p>M\u00e5nga lyck\u00f6nskningar till er b\u00e5da och hoppas ni f\u00e5r en underbar br\u00f6llopsresa! Vi h\u00f6rs av n\u00e4r ni kommit hem. \ud83d\ude00<\/p>\n\t<div class=\"p3-fb-like-btn-wrap\">\n\t\t<iframe src=\"http:\/\/www.facebook.com\/plugins\/like.php?href=https%3A%2F%2Fstage.petrahall.se%2Findex.php%2F2008%2F07%2F13%2Flinda-och-micke%2F&layout=button_count&show_faces=false&action=like&colorscheme=light&width=450&height=35\" scrolling=\"no\" frameborder=\"0\" style=\"border:none; overflow:hidden; width:450px; height:35px;\" allowTransparency=\"true\"><\/iframe>\n\t<\/div>","protected":false},"excerpt":{"rendered":"<p>Ig\u00e5r, den 12 juli, gifte sig Linda och Micke i \u00d6jeby kyrka. D\u00e5 de skulle ha festen i J\u00e4vre (n\u00e5gra mil s\u00f6der om Pite\u00e5), s\u00e5 best\u00e4mde vi att ta lite bilder i J\u00e4vre Hamn. Det var str\u00e5lande sol och underbart sommarv\u00e4der! Dock skojade jag lite (med ett gryn av sanning) att det var ett hemskt [&hellip;]<\/p>\n","protected":false},"author":1,"featured_media":0,"comment_status":"open","ping_status":"open","sticky":false,"template":"","format":"standard","meta":[],"categories":[3],"tags":[308,10,7,57,58,20],"_links":{"self":[{"href":"https:\/\/stage.petrahall.se\/index.php\/wp-json\/wp\/v2\/posts\/302"}],"collection":[{"href":"https:\/\/stage.petrahall.se\/index.php\/wp-json\/wp\/v2\/posts"}],"about":[{"href":"https:\/\/stage.petrahall.se\/index.php\/wp-json\/wp\/v2\/types\/post"}],"author":[{"embeddable":true,"href":"https:\/\/stage.petrahall.se\/index.php\/wp-json\/wp\/v2\/users\/1"}],"replies":[{"embeddable":true,"href":"https:\/\/stage.petrahall.se\/index.php\/wp-json\/wp\/v2\/comments?post=302"}],"version-history":[{"count":0,"href":"https:\/\/stage.petrahall.se\/index.php\/wp-json\/wp\/v2\/posts\/302\/revisions"}],"wp:attachment":[{"href":"https:\/\/stage.petrahall.se\/index.php\/wp-json\/wp\/v2\/media?parent=302"}],"wp:term":[{"taxonomy":"category","embeddable":true,"href":"https:\/\/stage.petrahall.se\/index.php\/wp-json\/wp\/v2\/categories?post=302"},{"taxonomy":"post_tag","embeddable":true,"href":"https:\/\/stage.petrahall.se\/index.php\/wp-json\/wp\/v2\/tags?post=302"}],"curies":[{"name":"wp","href":"https:\/\/api.w.org\/{rel}","templated":true}]}}