{"id":292,"date":"2008-07-05T22:32:47","date_gmt":"2008-07-05T21:32:47","guid":{"rendered":"http:\/\/stage.petrahall.se\/?p=292"},"modified":"2008-07-06T00:14:27","modified_gmt":"2008-07-05T23:14:27","slug":"linda-och-ralf","status":"publish","type":"post","link":"https:\/\/stage.petrahall.se\/index.php\/2008\/07\/05\/linda-och-ralf\/","title":{"rendered":"Linda och Ralf"},"content":{"rendered":"<p>L\u00f6rdagen den 5 juli gifte sig Linda och Ralf i Lule\u00e5 domkyrka. Detta underbara par, som verkligen \u00e4r fulla av k\u00e4rlek till varandra och \u00e4ven till sin omgivning, tr\u00e4ffade jag faktiskt tv\u00e5 g\u00e5nger redan f\u00f6r 2 \u00e5r sedan d\u00e5 tv\u00e5 av deras v\u00e4nner gifte sig i Hortlax kyrka under den sommaren. S\u00e5 d\u00e4rf\u00f6r blev jag s\u00e5 otroligt glad n\u00e4r jag blev tillfr\u00e5gad att f\u00e5 fota \u00e4ven deras br\u00f6llop.<\/p>\n<p>Linda varnade mig innan att hon alltid ser s\u00e5 r\u00e4dd ut p\u00e5 bilder tagna av henne, men jag tror nog jag har bevisat att hon ser v\u00e4ldigt naturlig ut och inte det minsta r\u00e4dd (och med en s\u00e5n trygg kille som Ralf bredvid sig \u00e4r det kanske inte s\u00e5 sv\u00e5rt!) Jag har s\u00e5 m\u00e5nga fantastiska bilder fr\u00e5n v\u00e5r fotosession att jag inte vill avsl\u00f6ja precis allt, men n\u00e5gra smakprov f\u00e5r ni h\u00e4r, d\u00e5 det bara inte g\u00e5r att l\u00e5ta bli att visa vilket vackert par Linda och Ralf \u00e4r.<\/p>\n<p>Efter fotograferingen var det d\u00e5 dags f\u00f6r vigseln, och till allas \u00f6verraskning s\u00e5 sj\u00f6ng Linda en s\u00e5ng f\u00f6r Ralf. Jag m\u00e5ste erk\u00e4nna att jag fick k\u00e4mpa rej\u00e4lt mot t\u00e5rarna, f\u00f6r Linda sjunger s\u00e5 vackert och hon sj\u00f6ng \u00e4ven p\u00e5 sina v\u00e4ninnors br\u00f6llop f\u00f6r tv\u00e5 \u00e5r sedan. Jag fick g\u00e5shud \u00f6ver hela kroppen och det var s\u00e5 fantastiskt vackert!<\/p>\n<p>Det finns s\u00e5 m\u00e5nga h\u00e4rliga bilder \u00e4ven fr\u00e5n vigseln, men jag har inte m\u00f6jlighet att visa allt. D\u00e4remot kan jag lova att det finns m\u00e5nga h\u00e4rliga guldkorn \u00e4ven d\u00e4r.\u00a0Efter ett formligen \u00f6sregn av ris efter vigseln var brudparet l\u00e4ttade \u00f6ver att de nu var herr och fru, och jag tror den sista bilden h\u00e4r f\u00e5r visa vilken genuin gl\u00e4dje detta par har.<\/p>\n<p>Ett stort grattis till er b\u00e5da \u00f6nskar jag er fr\u00e5n djupet av mitt hj\u00e4rta! Det var s\u00e5 kul att f\u00e5 vara med er idag. Tack!<\/p>\n<p><img loading=\"lazy\" class=\"alignnone size-full wp-image-293\" title=\"linda_ralf_01\" src=\"http:\/\/stage.petrahall.se\/wp-content\/uploads\/2008\/07\/linda_ralf_01.jpg\" alt=\"\" width=\"900\" height=\"675\" srcset=\"https:\/\/stage.petrahall.se\/wp-content\/uploads\/2008\/07\/linda_ralf_01.jpg 900w, https:\/\/stage.petrahall.se\/wp-content\/uploads\/2008\/07\/linda_ralf_01-300x225.jpg 300w\" sizes=\"(max-width: 900px) 100vw, 900px\" \/><img loading=\"lazy\" class=\"alignnone size-full wp-image-294\" title=\"linda_ralf_02\" src=\"http:\/\/stage.petrahall.se\/wp-content\/uploads\/2008\/07\/linda_ralf_02.jpg\" alt=\"\" width=\"900\" height=\"601\" srcset=\"https:\/\/stage.petrahall.se\/wp-content\/uploads\/2008\/07\/linda_ralf_02.jpg 900w, https:\/\/stage.petrahall.se\/wp-content\/uploads\/2008\/07\/linda_ralf_02-300x200.jpg 300w\" sizes=\"(max-width: 900px) 100vw, 900px\" \/><img loading=\"lazy\" class=\"alignnone size-full wp-image-295\" title=\"linda_ralf_03\" src=\"http:\/\/stage.petrahall.se\/wp-content\/uploads\/2008\/07\/linda_ralf_03.jpg\" alt=\"\" width=\"900\" height=\"675\" srcset=\"https:\/\/stage.petrahall.se\/wp-content\/uploads\/2008\/07\/linda_ralf_03.jpg 900w, https:\/\/stage.petrahall.se\/wp-content\/uploads\/2008\/07\/linda_ralf_03-300x225.jpg 300w\" sizes=\"(max-width: 900px) 100vw, 900px\" \/><img loading=\"lazy\" class=\"alignnone size-full wp-image-300\" title=\"linda_ralf_12\" src=\"http:\/\/stage.petrahall.se\/wp-content\/uploads\/2008\/07\/linda_ralf_12.jpg\" alt=\"\" width=\"900\" height=\"675\" srcset=\"https:\/\/stage.petrahall.se\/wp-content\/uploads\/2008\/07\/linda_ralf_12.jpg 900w, https:\/\/stage.petrahall.se\/wp-content\/uploads\/2008\/07\/linda_ralf_12-300x225.jpg 300w\" sizes=\"(max-width: 900px) 100vw, 900px\" \/><img loading=\"lazy\" class=\"alignnone size-full wp-image-296\" title=\"linda_ralf_04\" src=\"http:\/\/stage.petrahall.se\/wp-content\/uploads\/2008\/07\/linda_ralf_04.jpg\" alt=\"\" width=\"900\" height=\"601\" srcset=\"https:\/\/stage.petrahall.se\/wp-content\/uploads\/2008\/07\/linda_ralf_04.jpg 900w, https:\/\/stage.petrahall.se\/wp-content\/uploads\/2008\/07\/linda_ralf_04-300x200.jpg 300w\" sizes=\"(max-width: 900px) 100vw, 900px\" \/><img loading=\"lazy\" class=\"alignnone size-full wp-image-301\" title=\"linda_ralf_13\" src=\"http:\/\/stage.petrahall.se\/wp-content\/uploads\/2008\/07\/linda_ralf_13.jpg\" alt=\"\" width=\"900\" height=\"675\" srcset=\"https:\/\/stage.petrahall.se\/wp-content\/uploads\/2008\/07\/linda_ralf_13.jpg 900w, https:\/\/stage.petrahall.se\/wp-content\/uploads\/2008\/07\/linda_ralf_13-300x225.jpg 300w\" sizes=\"(max-width: 900px) 100vw, 900px\" \/><img loading=\"lazy\" class=\"alignnone size-full wp-image-297\" title=\"linda_ralf_05\" src=\"http:\/\/stage.petrahall.se\/wp-content\/uploads\/2008\/07\/linda_ralf_05.jpg\" alt=\"\" width=\"900\" height=\"606\" srcset=\"https:\/\/stage.petrahall.se\/wp-content\/uploads\/2008\/07\/linda_ralf_05.jpg 900w, https:\/\/stage.petrahall.se\/wp-content\/uploads\/2008\/07\/linda_ralf_05-300x202.jpg 300w\" sizes=\"(max-width: 900px) 100vw, 900px\" \/><img loading=\"lazy\" class=\"alignnone size-full wp-image-299\" title=\"linda_ralf_14\" src=\"http:\/\/stage.petrahall.se\/wp-content\/uploads\/2008\/07\/linda_ralf_14.jpg\" alt=\"\" width=\"900\" height=\"601\" srcset=\"https:\/\/stage.petrahall.se\/wp-content\/uploads\/2008\/07\/linda_ralf_14.jpg 900w, https:\/\/stage.petrahall.se\/wp-content\/uploads\/2008\/07\/linda_ralf_14-300x200.jpg 300w\" sizes=\"(max-width: 900px) 100vw, 900px\" \/><img loading=\"lazy\" class=\"alignnone size-full wp-image-298\" title=\"linda_ralf_06\" src=\"http:\/\/stage.petrahall.se\/wp-content\/uploads\/2008\/07\/linda_ralf_06.jpg\" alt=\"\" width=\"900\" height=\"601\" srcset=\"https:\/\/stage.petrahall.se\/wp-content\/uploads\/2008\/07\/linda_ralf_06.jpg 900w, https:\/\/stage.petrahall.se\/wp-content\/uploads\/2008\/07\/linda_ralf_06-300x200.jpg 300w\" sizes=\"(max-width: 900px) 100vw, 900px\" \/><\/p>\n\t<div class=\"p3-fb-like-btn-wrap\">\n\t\t<iframe src=\"http:\/\/www.facebook.com\/plugins\/like.php?href=https%3A%2F%2Fstage.petrahall.se%2Findex.php%2F2008%2F07%2F05%2Flinda-och-ralf%2F&layout=button_count&show_faces=false&action=like&colorscheme=light&width=450&height=35\" scrolling=\"no\" frameborder=\"0\" style=\"border:none; overflow:hidden; width:450px; height:35px;\" allowTransparency=\"true\"><\/iframe>\n\t<\/div>","protected":false},"excerpt":{"rendered":"<p>L\u00f6rdagen den 5 juli gifte sig Linda och Ralf i Lule\u00e5 domkyrka. Detta underbara par, som verkligen \u00e4r fulla av k\u00e4rlek till varandra och \u00e4ven till sin omgivning, tr\u00e4ffade jag faktiskt tv\u00e5 g\u00e5nger redan f\u00f6r 2 \u00e5r sedan d\u00e5 tv\u00e5 av deras v\u00e4nner gifte sig i Hortlax kyrka under den sommaren. S\u00e5 d\u00e4rf\u00f6r blev jag [&hellip;]<\/p>\n","protected":false},"author":1,"featured_media":0,"comment_status":"open","ping_status":"open","sticky":false,"template":"","format":"standard","meta":[],"categories":[3],"tags":[308,10,7,56,55,44],"_links":{"self":[{"href":"https:\/\/stage.petrahall.se\/index.php\/wp-json\/wp\/v2\/posts\/292"}],"collection":[{"href":"https:\/\/stage.petrahall.se\/index.php\/wp-json\/wp\/v2\/posts"}],"about":[{"href":"https:\/\/stage.petrahall.se\/index.php\/wp-json\/wp\/v2\/types\/post"}],"author":[{"embeddable":true,"href":"https:\/\/stage.petrahall.se\/index.php\/wp-json\/wp\/v2\/users\/1"}],"replies":[{"embeddable":true,"href":"https:\/\/stage.petrahall.se\/index.php\/wp-json\/wp\/v2\/comments?post=292"}],"version-history":[{"count":0,"href":"https:\/\/stage.petrahall.se\/index.php\/wp-json\/wp\/v2\/posts\/292\/revisions"}],"wp:attachment":[{"href":"https:\/\/stage.petrahall.se\/index.php\/wp-json\/wp\/v2\/media?parent=292"}],"wp:term":[{"taxonomy":"category","embeddable":true,"href":"https:\/\/stage.petrahall.se\/index.php\/wp-json\/wp\/v2\/categories?post=292"},{"taxonomy":"post_tag","embeddable":true,"href":"https:\/\/stage.petrahall.se\/index.php\/wp-json\/wp\/v2\/tags?post=292"}],"curies":[{"name":"wp","href":"https:\/\/api.w.org\/{rel}","templated":true}]}}