{"id":289,"date":"2008-07-05T00:16:32","date_gmt":"2008-07-04T23:16:32","guid":{"rendered":"http:\/\/stage.petrahall.se\/?p=289"},"modified":"2008-07-05T00:18:17","modified_gmt":"2008-07-04T23:18:17","slug":"storstryk-firar-10-ar","status":"publish","type":"post","link":"https:\/\/stage.petrahall.se\/index.php\/2008\/07\/05\/storstryk-firar-10-ar\/","title":{"rendered":"Storstryk firar 10 \u00e5r"},"content":{"rendered":"<p>I v\u00e5ras firade coverbandet Storstryk tio \u00e5r som band tillsammans, och fredagen den 4 juli firade de officiellt sin f\u00f6delsedag med en spelning i den fantastiska konsertlokalen Acusticum h\u00e4r i Pite\u00e5. Jag hade den stora gl\u00e4djen att bli inbjuden som en av deras g\u00e4ster och givetvis kunde jag inte l\u00e4mna kameran hemma!<\/p>\n<p>Spelningen h\u00f6ll p\u00e5 i n\u00e4stan tv\u00e5 timmar och pojkarna b\u00f6rjade lite lugnt med att ber\u00e4tta hur det hela startade f\u00f6r tio \u00e5r sedan. De satt i en soffa p\u00e5 scenen och drack kaffe, bj\u00f6d in n\u00e5gra g\u00e4ster i soffan som vann biljetter till resten av helgens begivenheter. D\u00e4r satt de i soffan och sj\u00f6ng s\u00e5 vackert s\u00e5 hj\u00e4rtat skuttade till av gl\u00e4dje.<\/p>\n<p>Jag tror det \u00e4r sv\u00e5rt att beskriva f\u00f6r andra som inte h\u00f6rt Storstryk tidigare vilken upplevelse det \u00e4r. Dessa killar \u00e4r otroligt beg\u00e5vade n\u00e4r de g\u00e4ller b\u00e5de att spela olika instrument (de byter st\u00e4ndigt instrument med varandra) och sedan ska man f\u00f6rst\u00e5s inte gl\u00f6mma den otroligt bra s\u00e5ngen. De \u00e4r s\u00e5 samspelta och samst\u00e4mmiga att det \u00e4r som en svalkande och uppfr\u00e4schande dusch f\u00f6r sj\u00e4len n\u00e4r man h\u00f6r dem spela.<\/p>\n<p>Eftersom jag ska upp tidigt i morgon och fota ett brudpar (eller snarare senare idag), s\u00e5 har jag bara snabbt tagit fram tv\u00e5 bilder som illustrerar framtr\u00e4dandet. Men stillbilder kan om\u00f6jligt f\u00f6rmedla den upplevelse som publiken gavs, s\u00e5 jag hoppas ni bes\u00f6ker <a title=\"Storstryks hemsida\" href=\"http:\/\/www.storstryk.com\" target=\"_blank\">Storstryks hemsida<\/a> och lyssnar p\u00e5 n\u00e5gra av de mp3-filer de har upplagda p\u00e5 hemsidan.<\/p>\n<p>Tack sn\u00e4lla Krister, Jocke, Stefan och Micke f\u00f6r att ni kom ih\u00e5g och bj\u00f6d in mig och ett hj\u00e4rtligt tack f\u00f6r \u00e4nnu en fantastisk musikupplevelse. Ni \u00e4r s\u00e5na h\u00e4rliga killar och dessutom har ni en enorm beg\u00e5vning. Jag lovar att fixa fram lite fler bilder senare, s\u00e5 ni f\u00e5r lite mer att kika p\u00e5 (scenljuset var superfint!) TACK och jag hoppas det blir ytterligare 10 \u00e5r av era h\u00e4rliga framtr\u00e4danden! \ud83d\ude00<\/p>\n<p><img loading=\"lazy\" class=\"alignnone size-full wp-image-291\" title=\"storstryk_02\" src=\"http:\/\/stage.petrahall.se\/wp-content\/uploads\/2008\/07\/storstryk_02.jpg\" alt=\"\" width=\"900\" height=\"601\" srcset=\"https:\/\/stage.petrahall.se\/wp-content\/uploads\/2008\/07\/storstryk_02.jpg 900w, https:\/\/stage.petrahall.se\/wp-content\/uploads\/2008\/07\/storstryk_02-300x200.jpg 300w\" sizes=\"(max-width: 900px) 100vw, 900px\" \/><img loading=\"lazy\" class=\"alignnone size-full wp-image-290\" title=\"storstryk_01\" src=\"http:\/\/stage.petrahall.se\/wp-content\/uploads\/2008\/07\/storstryk_01.jpg\" alt=\"\" width=\"900\" height=\"601\" srcset=\"https:\/\/stage.petrahall.se\/wp-content\/uploads\/2008\/07\/storstryk_01.jpg 900w, https:\/\/stage.petrahall.se\/wp-content\/uploads\/2008\/07\/storstryk_01-300x200.jpg 300w\" sizes=\"(max-width: 900px) 100vw, 900px\" \/><\/p>\n\t<div class=\"p3-fb-like-btn-wrap\">\n\t\t<iframe src=\"http:\/\/www.facebook.com\/plugins\/like.php?href=https%3A%2F%2Fstage.petrahall.se%2Findex.php%2F2008%2F07%2F05%2Fstorstryk-firar-10-ar%2F&layout=button_count&show_faces=false&action=like&colorscheme=light&width=450&height=35\" scrolling=\"no\" frameborder=\"0\" style=\"border:none; overflow:hidden; width:450px; height:35px;\" allowTransparency=\"true\"><\/iframe>\n\t<\/div>","protected":false},"excerpt":{"rendered":"<p>I v\u00e5ras firade coverbandet Storstryk tio \u00e5r som band tillsammans, och fredagen den 4 juli firade de officiellt sin f\u00f6delsedag med en spelning i den fantastiska konsertlokalen Acusticum h\u00e4r i Pite\u00e5. Jag hade den stora gl\u00e4djen att bli inbjuden som en av deras g\u00e4ster och givetvis kunde jag inte l\u00e4mna kameran hemma! Spelningen h\u00f6ll p\u00e5 [&hellip;]<\/p>\n","protected":false},"author":1,"featured_media":0,"comment_status":"open","ping_status":"open","sticky":false,"template":"","format":"standard","meta":[],"categories":[3],"tags":[52,54,53,21,20,19],"_links":{"self":[{"href":"https:\/\/stage.petrahall.se\/index.php\/wp-json\/wp\/v2\/posts\/289"}],"collection":[{"href":"https:\/\/stage.petrahall.se\/index.php\/wp-json\/wp\/v2\/posts"}],"about":[{"href":"https:\/\/stage.petrahall.se\/index.php\/wp-json\/wp\/v2\/types\/post"}],"author":[{"embeddable":true,"href":"https:\/\/stage.petrahall.se\/index.php\/wp-json\/wp\/v2\/users\/1"}],"replies":[{"embeddable":true,"href":"https:\/\/stage.petrahall.se\/index.php\/wp-json\/wp\/v2\/comments?post=289"}],"version-history":[{"count":0,"href":"https:\/\/stage.petrahall.se\/index.php\/wp-json\/wp\/v2\/posts\/289\/revisions"}],"wp:attachment":[{"href":"https:\/\/stage.petrahall.se\/index.php\/wp-json\/wp\/v2\/media?parent=289"}],"wp:term":[{"taxonomy":"category","embeddable":true,"href":"https:\/\/stage.petrahall.se\/index.php\/wp-json\/wp\/v2\/categories?post=289"},{"taxonomy":"post_tag","embeddable":true,"href":"https:\/\/stage.petrahall.se\/index.php\/wp-json\/wp\/v2\/tags?post=289"}],"curies":[{"name":"wp","href":"https:\/\/api.w.org\/{rel}","templated":true}]}}