{"id":260,"date":"2008-06-21T16:04:42","date_gmt":"2008-06-21T15:04:42","guid":{"rendered":"http:\/\/stage.petrahall.se\/?p=260"},"modified":"2008-06-21T16:11:51","modified_gmt":"2008-06-21T15:11:51","slug":"carola-niclas","status":"publish","type":"post","link":"https:\/\/stage.petrahall.se\/index.php\/2008\/06\/21\/carola-niclas\/","title":{"rendered":"Carola &#038; Niclas"},"content":{"rendered":"<p>P\u00e5 midsommarafton, dvs den 20 juni p\u00e5 \u00e5rets l\u00e4ngsta dag, gifte sig Carola och Niklas i \u00d6jeby kyrka utanf\u00f6r Pite\u00e5. \u00c4ven om dagen var gr\u00e5 och det faktiskt ocks\u00e5 regnade, hade vi v\u00e4ldigt tur med v\u00e4dret, f\u00f6r det b\u00f6rjade regna n\u00e4r vi n\u00e4stan var klara med portr\u00e4ttbilderna och p\u00e5gick sedan under vigseln. Efter vigseln hade det slutat regna och \u00e4nnu senare p\u00e5 kv\u00e4llen tittade solen fram ocks\u00e5. S\u00e5 detta blir ett lyckat \u00e4ktenskap d\u00e5 regn i brudkronan betyder pengar d\u00e4r jag kommer ifr\u00e5n (jag \u00e4r f\u00f6dd i \u00c5ngermanland).<\/p>\n<p>Vi b\u00f6rjade med en improviserad &#8220;f\u00f6rsta tr\u00e4ff&#8221; ute p\u00e5 Swensbylida d\u00e4r de skulle h\u00e5lla sin br\u00f6llopsfest (och d\u00e4r vi \u00e4ven tog portr\u00e4ttbilderna). D\u00e5 Niclas inte hade sett sin brud i kl\u00e4nningen tidigare och jag g\u00e4rna ville att detta skulle bli n\u00e5got speciellt f\u00f6r brudparet, st\u00e4llde vi Niclas med ryggen mot Carola n\u00e4r hon steg ur bilen och sedan fick hon g\u00e5 fram och knacka honom p\u00e5 axeln s\u00e5 att han fick v\u00e4nda sig om och se sin brud.<\/p>\n<p>Sedan tog vi lite portr\u00e4tt innan vi \u00e5kte vidare till kyrkan f\u00f6r vigsel och dop av lille Jimmy. Det vara honom jag fotade f\u00f6r n\u00e5gra m\u00e5nader sedan n\u00e4r han var n\u00e4stan nyckl\u00e4ckt! Han sa f\u00f6r\u00f6vrigt inte ett pip n\u00e4r han fick vatten p\u00e5 huvudet, han \u00e4r s\u00e5 s\u00f6t och t\u00e5lig denna lille pojke.<\/p>\n<p>Det \u00e4r j\u00e4ttesv\u00e5rt att v\u00e4lja ut bara n\u00e5gra f\u00e5 bilder fr\u00e5n dagen, men h\u00e4r kommer ett g\u00e4ng. Det finns otroligt m\u00e5nga bilder, s\u00e5 Carola och Niclas har mycket att se fram emot! \ud83d\ude00<\/p>\n<p><img loading=\"lazy\" class=\"alignnone size-full wp-image-261\" title=\"carola_niclas_01\" src=\"http:\/\/stage.petrahall.se\/wp-content\/uploads\/2008\/06\/carola_niclas_01.jpg\" alt=\"\" width=\"900\" height=\"450\" srcset=\"https:\/\/stage.petrahall.se\/wp-content\/uploads\/2008\/06\/carola_niclas_01.jpg 900w, https:\/\/stage.petrahall.se\/wp-content\/uploads\/2008\/06\/carola_niclas_01-300x150.jpg 300w\" sizes=\"(max-width: 900px) 100vw, 900px\" \/><img loading=\"lazy\" class=\"alignnone size-full wp-image-263\" title=\"carola_niclas_03\" src=\"http:\/\/stage.petrahall.se\/wp-content\/uploads\/2008\/06\/carola_niclas_03.jpg\" alt=\"\" width=\"900\" height=\"675\" srcset=\"https:\/\/stage.petrahall.se\/wp-content\/uploads\/2008\/06\/carola_niclas_03.jpg 900w, https:\/\/stage.petrahall.se\/wp-content\/uploads\/2008\/06\/carola_niclas_03-300x225.jpg 300w\" sizes=\"(max-width: 900px) 100vw, 900px\" \/><img loading=\"lazy\" class=\"alignnone size-full wp-image-264\" title=\"carola_niclas_04\" src=\"http:\/\/stage.petrahall.se\/wp-content\/uploads\/2008\/06\/carola_niclas_04.jpg\" alt=\"\" width=\"900\" height=\"600\" srcset=\"https:\/\/stage.petrahall.se\/wp-content\/uploads\/2008\/06\/carola_niclas_04.jpg 900w, https:\/\/stage.petrahall.se\/wp-content\/uploads\/2008\/06\/carola_niclas_04-300x200.jpg 300w\" sizes=\"(max-width: 900px) 100vw, 900px\" \/><img loading=\"lazy\" class=\"alignnone size-full wp-image-266\" title=\"carola_niclas_06\" src=\"http:\/\/stage.petrahall.se\/wp-content\/uploads\/2008\/06\/carola_niclas_06.jpg\" alt=\"\" width=\"900\" height=\"675\" srcset=\"https:\/\/stage.petrahall.se\/wp-content\/uploads\/2008\/06\/carola_niclas_06.jpg 900w, https:\/\/stage.petrahall.se\/wp-content\/uploads\/2008\/06\/carola_niclas_06-300x225.jpg 300w\" sizes=\"(max-width: 900px) 100vw, 900px\" \/><a href=\"http:\/\/stage.petrahall.se\/wp-content\/uploads\/2008\/06\/carola_niclas_08.jpg\"><img loading=\"lazy\" class=\"alignnone size-full wp-image-268\" title=\"carola_niclas_08\" src=\"http:\/\/stage.petrahall.se\/wp-content\/uploads\/2008\/06\/carola_niclas_08.jpg\" alt=\"\" width=\"900\" height=\"601\" srcset=\"https:\/\/stage.petrahall.se\/wp-content\/uploads\/2008\/06\/carola_niclas_08.jpg 900w, https:\/\/stage.petrahall.se\/wp-content\/uploads\/2008\/06\/carola_niclas_08-300x200.jpg 300w\" sizes=\"(max-width: 900px) 100vw, 900px\" \/><\/a><img loading=\"lazy\" class=\"alignnone size-full wp-image-269\" title=\"carola_niclas_09\" src=\"http:\/\/stage.petrahall.se\/wp-content\/uploads\/2008\/06\/carola_niclas_09.jpg\" alt=\"\" width=\"900\" height=\"675\" srcset=\"https:\/\/stage.petrahall.se\/wp-content\/uploads\/2008\/06\/carola_niclas_09.jpg 900w, https:\/\/stage.petrahall.se\/wp-content\/uploads\/2008\/06\/carola_niclas_09-300x225.jpg 300w\" sizes=\"(max-width: 900px) 100vw, 900px\" \/><img loading=\"lazy\" class=\"alignnone size-full wp-image-270\" title=\"carola_niclas_10\" src=\"http:\/\/stage.petrahall.se\/wp-content\/uploads\/2008\/06\/carola_niclas_10.jpg\" alt=\"\" width=\"900\" height=\"600\" srcset=\"https:\/\/stage.petrahall.se\/wp-content\/uploads\/2008\/06\/carola_niclas_10.jpg 900w, https:\/\/stage.petrahall.se\/wp-content\/uploads\/2008\/06\/carola_niclas_10-300x200.jpg 300w\" sizes=\"(max-width: 900px) 100vw, 900px\" \/><img loading=\"lazy\" class=\"alignnone size-full wp-image-272\" title=\"carola_niclas_12\" src=\"http:\/\/stage.petrahall.se\/wp-content\/uploads\/2008\/06\/carola_niclas_12.jpg\" alt=\"\" width=\"900\" height=\"601\" srcset=\"https:\/\/stage.petrahall.se\/wp-content\/uploads\/2008\/06\/carola_niclas_12.jpg 900w, https:\/\/stage.petrahall.se\/wp-content\/uploads\/2008\/06\/carola_niclas_12-300x200.jpg 300w\" sizes=\"(max-width: 900px) 100vw, 900px\" \/><img loading=\"lazy\" class=\"alignnone size-full wp-image-274\" title=\"carola_niclas_14\" src=\"http:\/\/stage.petrahall.se\/wp-content\/uploads\/2008\/06\/carola_niclas_14.jpg\" alt=\"\" width=\"900\" height=\"675\" srcset=\"https:\/\/stage.petrahall.se\/wp-content\/uploads\/2008\/06\/carola_niclas_14.jpg 900w, https:\/\/stage.petrahall.se\/wp-content\/uploads\/2008\/06\/carola_niclas_14-300x225.jpg 300w\" sizes=\"(max-width: 900px) 100vw, 900px\" \/><img loading=\"lazy\" class=\"alignnone size-full wp-image-276\" title=\"carola_niclas_16\" src=\"http:\/\/stage.petrahall.se\/wp-content\/uploads\/2008\/06\/carola_niclas_16.jpg\" alt=\"\" width=\"900\" height=\"601\" srcset=\"https:\/\/stage.petrahall.se\/wp-content\/uploads\/2008\/06\/carola_niclas_16.jpg 900w, https:\/\/stage.petrahall.se\/wp-content\/uploads\/2008\/06\/carola_niclas_16-300x200.jpg 300w\" sizes=\"(max-width: 900px) 100vw, 900px\" \/><\/p>\n<p>Den h\u00e4r blilden m\u00e5ste jag bara ber\u00e4tta om lite. Det var meningen att vi skulle ta lite bilder p\u00e5 familjen efter ceremonin. s\u00e5 att vi fick med b\u00e5de brudparet, nyd\u00f6pta Jimmy och storebror Simon p\u00e5 samma bild. Men Simon var inte riktigt p\u00e5 hum\u00f6r att fotas, s\u00e5 jag la in denna bild som lite humor, f\u00f6r det var lite typiskt f\u00f6r Simon under dagen, han sprang mest omkring had hade otroligt kul!<\/p>\n<p><img loading=\"lazy\" class=\"alignnone size-full wp-image-277\" title=\"carola_niclas_17\" src=\"http:\/\/stage.petrahall.se\/wp-content\/uploads\/2008\/06\/carola_niclas_17.jpg\" alt=\"\" width=\"900\" height=\"675\" srcset=\"https:\/\/stage.petrahall.se\/wp-content\/uploads\/2008\/06\/carola_niclas_17.jpg 900w, https:\/\/stage.petrahall.se\/wp-content\/uploads\/2008\/06\/carola_niclas_17-300x225.jpg 300w\" sizes=\"(max-width: 900px) 100vw, 900px\" \/><\/p>\n<p>Ett stort grattis fr\u00e5n oss b\u00e5da och tack Carola och Niclas f\u00f6r att vi fick vara med er under en del av er stora dag. Vi \u00e4r \u00f6vertygade om att detta inte \u00e4r sista g\u00e5ngen vi tr\u00e4ffas!<\/p>\n\t<div class=\"p3-fb-like-btn-wrap\">\n\t\t<iframe src=\"http:\/\/www.facebook.com\/plugins\/like.php?href=https%3A%2F%2Fstage.petrahall.se%2Findex.php%2F2008%2F06%2F21%2Fcarola-niclas%2F&layout=button_count&show_faces=false&action=like&colorscheme=light&width=450&height=35\" scrolling=\"no\" frameborder=\"0\" style=\"border:none; overflow:hidden; width:450px; height:35px;\" allowTransparency=\"true\"><\/iframe>\n\t<\/div>","protected":false},"excerpt":{"rendered":"<p>P\u00e5 midsommarafton, dvs den 20 juni p\u00e5 \u00e5rets l\u00e4ngsta dag, gifte sig Carola och Niklas i \u00d6jeby kyrka utanf\u00f6r Pite\u00e5. \u00c4ven om dagen var gr\u00e5 och det faktiskt ocks\u00e5 regnade, hade vi v\u00e4ldigt tur med v\u00e4dret, f\u00f6r det b\u00f6rjade regna n\u00e4r vi n\u00e4stan var klara med portr\u00e4ttbilderna och p\u00e5gick sedan under vigseln. Efter vigseln hade [&hellip;]<\/p>\n","protected":false},"author":1,"featured_media":0,"comment_status":"open","ping_status":"open","sticky":false,"template":"","format":"standard","meta":[],"categories":[3],"tags":[24,308,39,46,20,45,44,29],"_links":{"self":[{"href":"https:\/\/stage.petrahall.se\/index.php\/wp-json\/wp\/v2\/posts\/260"}],"collection":[{"href":"https:\/\/stage.petrahall.se\/index.php\/wp-json\/wp\/v2\/posts"}],"about":[{"href":"https:\/\/stage.petrahall.se\/index.php\/wp-json\/wp\/v2\/types\/post"}],"author":[{"embeddable":true,"href":"https:\/\/stage.petrahall.se\/index.php\/wp-json\/wp\/v2\/users\/1"}],"replies":[{"embeddable":true,"href":"https:\/\/stage.petrahall.se\/index.php\/wp-json\/wp\/v2\/comments?post=260"}],"version-history":[{"count":0,"href":"https:\/\/stage.petrahall.se\/index.php\/wp-json\/wp\/v2\/posts\/260\/revisions"}],"wp:attachment":[{"href":"https:\/\/stage.petrahall.se\/index.php\/wp-json\/wp\/v2\/media?parent=260"}],"wp:term":[{"taxonomy":"category","embeddable":true,"href":"https:\/\/stage.petrahall.se\/index.php\/wp-json\/wp\/v2\/categories?post=260"},{"taxonomy":"post_tag","embeddable":true,"href":"https:\/\/stage.petrahall.se\/index.php\/wp-json\/wp\/v2\/tags?post=260"}],"curies":[{"name":"wp","href":"https:\/\/api.w.org\/{rel}","templated":true}]}}