{"id":257,"date":"2008-06-18T22:12:37","date_gmt":"2008-06-18T21:12:37","guid":{"rendered":"http:\/\/stage.petrahall.se\/?p=257"},"modified":"2008-06-18T22:14:28","modified_gmt":"2008-06-18T21:14:28","slug":"jag-vill-ga-pa-cirkus","status":"publish","type":"post","link":"https:\/\/stage.petrahall.se\/index.php\/2008\/06\/18\/jag-vill-ga-pa-cirkus\/","title":{"rendered":"Jag vill g\u00e5 p\u00e5 cirkus!"},"content":{"rendered":"<p>Idag n\u00e4r maken kom hem fr\u00e5n jobbet sa han att cirkus Maximum hade n\u00e5gra av deras djur ute p\u00e5 &#8220;luftning&#8221;. S\u00e5 eftersom jag \u00e4nd\u00e5 skulle h\u00e4mta ut ett paket p\u00e5 ICA s\u00e5 tog jag med kameran utifall att jag kunde ta n\u00e5gra bilder. Men precis n\u00e4r vi kom dit s\u00e5 h\u00f6ll de p\u00e5 att ta in kamelerna (och n\u00e5gon dromedar) f\u00f6r att f\u00f6rbereda deras f\u00f6rest\u00e4llning.<\/p>\n<p>Jag har s\u00e5 otroligt m\u00e5nga h\u00e4rliga minnen fr\u00e5n min barndom med cirkus och kommer s\u00e5 v\u00e4l ih\u00e5g n\u00e4r Cirkus Scott var h\u00e4r uppe och hade h\u00e4rliga f\u00f6rest\u00e4llningar. Jag fr\u00e5gade maken om han var sugen p\u00e5 att g\u00e5 p\u00e5 cirkus och han rynkade p\u00e5 n\u00e4san och sa nej, och pekade p\u00e5 den j\u00e4ttel\u00e5nga k\u00f6n som ringlade sig fram till kassorna f\u00f6r att komma in.<\/p>\n<p>S\u00e5 ist\u00e4llet f\u00e5r jag n\u00f6ja mig med en snabb bild tagen av den sista kamelen som gick iv\u00e4g in till cirkusen (han eller hon var mycket nyfiken p\u00e5 mig n\u00e4r jag tog lite bilder). Visst ser det lite h\u00e4rligt ut med cirkust\u00e4ltet uppsp\u00e4nt och med publiken som v\u00e4ntar p\u00e5 att f\u00e5 komma in?<\/p>\n<p>Jag behandlade bilden med lite antik effekt, f\u00f6r att det k\u00e4nns som det var m\u00e5nga \u00e5r sedan jag gick p\u00e5 cirkus sist (det \u00e4r s\u00e4kert \u00f6ver 35 \u00e5r sedan!). Kanske n\u00e4sta g\u00e5ng&#8230;.. *dr\u00f6mmer sig bort*<\/p>\n<p><img loading=\"lazy\" class=\"alignnone size-full wp-image-259\" title=\"cirkus_02\" src=\"http:\/\/stage.petrahall.se\/wp-content\/uploads\/2008\/06\/cirkus_02.jpg\" alt=\"\" width=\"900\" height=\"601\" srcset=\"https:\/\/stage.petrahall.se\/wp-content\/uploads\/2008\/06\/cirkus_02.jpg 900w, https:\/\/stage.petrahall.se\/wp-content\/uploads\/2008\/06\/cirkus_02-300x200.jpg 300w\" sizes=\"(max-width: 900px) 100vw, 900px\" \/><img loading=\"lazy\" class=\"alignnone size-full wp-image-258\" title=\"cirkus_01\" src=\"http:\/\/stage.petrahall.se\/wp-content\/uploads\/2008\/06\/cirkus_01.jpg\" alt=\"\" width=\"900\" height=\"601\" srcset=\"https:\/\/stage.petrahall.se\/wp-content\/uploads\/2008\/06\/cirkus_01.jpg 900w, https:\/\/stage.petrahall.se\/wp-content\/uploads\/2008\/06\/cirkus_01-300x200.jpg 300w\" sizes=\"(max-width: 900px) 100vw, 900px\" \/><\/p>\n<p>Om nu n\u00e5gon undrar varf\u00f6r jag postar en massa djur p\u00e5 bloggen och inte bara brudpar och portr\u00e4tt. Jag k\u00e4nner att jag m\u00e5ste g\u00f6ra n\u00e5got f\u00f6r mig sj\u00e4lv ocks\u00e5, och jag beh\u00f6ver ibland en lite paus fr\u00e5n att redigera bilder. Jag h\u00e5ller p\u00e5 med br\u00f6llopsbilderna jag tagit tidigare under m\u00e5naden och hoppas kunna ladda upp dem snart i brudparens gallerier. S\u00e5 en liten kamelpaus tyckte jag k\u00e4nde passade bra idag. \ud83d\ude00<\/p>\n\t<div class=\"p3-fb-like-btn-wrap\">\n\t\t<iframe src=\"http:\/\/www.facebook.com\/plugins\/like.php?href=https%3A%2F%2Fstage.petrahall.se%2Findex.php%2F2008%2F06%2F18%2Fjag-vill-ga-pa-cirkus%2F&layout=button_count&show_faces=false&action=like&colorscheme=light&width=450&height=35\" scrolling=\"no\" frameborder=\"0\" style=\"border:none; overflow:hidden; width:450px; height:35px;\" allowTransparency=\"true\"><\/iframe>\n\t<\/div>","protected":false},"excerpt":{"rendered":"<p>Idag n\u00e4r maken kom hem fr\u00e5n jobbet sa han att cirkus Maximum hade n\u00e5gra av deras djur ute p\u00e5 &#8220;luftning&#8221;. S\u00e5 eftersom jag \u00e4nd\u00e5 skulle h\u00e4mta ut ett paket p\u00e5 ICA s\u00e5 tog jag med kameran utifall att jag kunde ta n\u00e5gra bilder. Men precis n\u00e4r vi kom dit s\u00e5 h\u00f6ll de p\u00e5 att ta [&hellip;]<\/p>\n","protected":false},"author":1,"featured_media":0,"comment_status":"open","ping_status":"open","sticky":false,"template":"","format":"standard","meta":[],"categories":[4],"tags":[42,7,43,20],"_links":{"self":[{"href":"https:\/\/stage.petrahall.se\/index.php\/wp-json\/wp\/v2\/posts\/257"}],"collection":[{"href":"https:\/\/stage.petrahall.se\/index.php\/wp-json\/wp\/v2\/posts"}],"about":[{"href":"https:\/\/stage.petrahall.se\/index.php\/wp-json\/wp\/v2\/types\/post"}],"author":[{"embeddable":true,"href":"https:\/\/stage.petrahall.se\/index.php\/wp-json\/wp\/v2\/users\/1"}],"replies":[{"embeddable":true,"href":"https:\/\/stage.petrahall.se\/index.php\/wp-json\/wp\/v2\/comments?post=257"}],"version-history":[{"count":0,"href":"https:\/\/stage.petrahall.se\/index.php\/wp-json\/wp\/v2\/posts\/257\/revisions"}],"wp:attachment":[{"href":"https:\/\/stage.petrahall.se\/index.php\/wp-json\/wp\/v2\/media?parent=257"}],"wp:term":[{"taxonomy":"category","embeddable":true,"href":"https:\/\/stage.petrahall.se\/index.php\/wp-json\/wp\/v2\/categories?post=257"},{"taxonomy":"post_tag","embeddable":true,"href":"https:\/\/stage.petrahall.se\/index.php\/wp-json\/wp\/v2\/tags?post=257"}],"curies":[{"name":"wp","href":"https:\/\/api.w.org\/{rel}","templated":true}]}}