{"id":250,"date":"2008-06-15T17:53:49","date_gmt":"2008-06-15T16:53:49","guid":{"rendered":"http:\/\/stage.petrahall.se\/?p=250"},"modified":"2008-06-15T17:53:49","modified_gmt":"2008-06-15T16:53:49","slug":"hanna-och-jonas","status":"publish","type":"post","link":"https:\/\/stage.petrahall.se\/index.php\/2008\/06\/15\/hanna-och-jonas\/","title":{"rendered":"Hanna och Jonas"},"content":{"rendered":"<p>Ig\u00e5r, l\u00f6rdagen den 14 juni, gifte sig Hanna och Jonas i Norrfj\u00e4rden utanf\u00f6r Pite\u00e5. Det var en str\u00e5lande solig dag och det k\u00e4ndes n\u00e4stan or\u00e4ttvist att f\u00f6rs\u00f6ka hitta lite skugga s\u00e5 vi kunde fotografera dem. S\u00e5 vi f\u00f6rs\u00f6kte blanda b\u00e5de soliga bilder och hitta lite skugga.\u00a0<\/p>\n<p>Vi b\u00f6rjade hemma hos Hanna och Jonas i Bertn\u00e4s och fotade de extremt s\u00f6ta barnen, Hilda, Henny och Erik. Barnen var riktiga karakt\u00e4rer och stal showen \u00e4ven n\u00e4r vi fotograferade. Vi tr\u00e4nade p\u00e5 att s\u00e4ga &#8220;krokodil&#8221; f\u00f6r att f\u00e5 dem att skratta och le. Jag tror nog de vuxna hade mer roligt \u00e5t &#8220;krokodil&#8221; \u00e4n barnen, men vi fick n\u00e5gra fina bilder, s\u00e5 nog fungerade det! (Det fins m\u00e5nga fler bilder, men jag har bara bloggat n\u00e5gra stycken.)<\/p>\n<p>N\u00e4r vi tagit n\u00e5gra bilder i Bertn\u00e4s \u00e5kte vi ner till vattnet nedanf\u00f6r kyrkan, d\u00e4r var det v\u00e4ldigt vackert! Jag har aldrig varit d\u00e4r tidigare, s\u00e5 jag visste inte riktigt vad som v\u00e4ntade, men vi fick m\u00e5nga fina bilder d\u00e4r ocks\u00e5. Fast p\u00e5 slutet ledsnade Hilda p\u00e5 att posera framf\u00f6r kameran, s\u00e5 jag tjuvfotograferade henne och f\u00e5ngade en otroligt vacker bild, som visar en av hennes olika sidor, f\u00f6r hon \u00e4r b\u00e5de sprudlande busig och glad som syns i f\u00f6rsta bilden och sedan kan hon vara lite trulig, men s\u00f6t \u00e4r hon hela tiden!<\/p>\n<p>Aprop\u00e5 s\u00f6t. Jag m\u00e5ste bara f\u00e5 visa den portr\u00e4ttbild jag tog p\u00e5 Hanna. Vilka \u00f6gon!!! De \u00e4r helt fantastiska!!!<\/p>\n<p>Massor med gratulationer till er b\u00e5da och tack f\u00f6r att vi fick vara med en liten stund p\u00e5 er br\u00f6llopsdag! \ud83d\ude00<\/p>\n<p><img loading=\"lazy\" class=\"alignnone size-full wp-image-251\" title=\"hanna_jonas_01\" src=\"http:\/\/stage.petrahall.se\/wp-content\/uploads\/2008\/06\/hanna_jonas_01.jpg\" alt=\"\" width=\"900\" height=\"675\" srcset=\"https:\/\/stage.petrahall.se\/wp-content\/uploads\/2008\/06\/hanna_jonas_01.jpg 900w, https:\/\/stage.petrahall.se\/wp-content\/uploads\/2008\/06\/hanna_jonas_01-300x225.jpg 300w\" sizes=\"(max-width: 900px) 100vw, 900px\" \/><img loading=\"lazy\" class=\"alignnone size-full wp-image-252\" title=\"hanna_jonas_02\" src=\"http:\/\/stage.petrahall.se\/wp-content\/uploads\/2008\/06\/hanna_jonas_02.jpg\" alt=\"\" width=\"900\" height=\"675\" srcset=\"https:\/\/stage.petrahall.se\/wp-content\/uploads\/2008\/06\/hanna_jonas_02.jpg 900w, https:\/\/stage.petrahall.se\/wp-content\/uploads\/2008\/06\/hanna_jonas_02-300x225.jpg 300w\" sizes=\"(max-width: 900px) 100vw, 900px\" \/><img loading=\"lazy\" class=\"alignnone size-full wp-image-253\" title=\"hanna_jonas_03\" src=\"http:\/\/stage.petrahall.se\/wp-content\/uploads\/2008\/06\/hanna_jonas_03.jpg\" alt=\"\" width=\"900\" height=\"600\" srcset=\"https:\/\/stage.petrahall.se\/wp-content\/uploads\/2008\/06\/hanna_jonas_03.jpg 900w, https:\/\/stage.petrahall.se\/wp-content\/uploads\/2008\/06\/hanna_jonas_03-300x200.jpg 300w\" sizes=\"(max-width: 900px) 100vw, 900px\" \/><img loading=\"lazy\" class=\"alignnone size-full wp-image-254\" title=\"hanna_jonas_04\" src=\"http:\/\/stage.petrahall.se\/wp-content\/uploads\/2008\/06\/hanna_jonas_04.jpg\" alt=\"\" width=\"900\" height=\"601\" srcset=\"https:\/\/stage.petrahall.se\/wp-content\/uploads\/2008\/06\/hanna_jonas_04.jpg 900w, https:\/\/stage.petrahall.se\/wp-content\/uploads\/2008\/06\/hanna_jonas_04-300x200.jpg 300w\" sizes=\"(max-width: 900px) 100vw, 900px\" \/><img loading=\"lazy\" class=\"alignnone size-full wp-image-255\" title=\"hanna_jonas_05\" src=\"http:\/\/stage.petrahall.se\/wp-content\/uploads\/2008\/06\/hanna_jonas_05.jpg\" alt=\"\" width=\"900\" height=\"601\" srcset=\"https:\/\/stage.petrahall.se\/wp-content\/uploads\/2008\/06\/hanna_jonas_05.jpg 900w, https:\/\/stage.petrahall.se\/wp-content\/uploads\/2008\/06\/hanna_jonas_05-300x200.jpg 300w\" sizes=\"(max-width: 900px) 100vw, 900px\" \/><img loading=\"lazy\" class=\"alignnone size-full wp-image-256\" title=\"hanna_jonas_06\" src=\"http:\/\/stage.petrahall.se\/wp-content\/uploads\/2008\/06\/hanna_jonas_06.jpg\" alt=\"\" width=\"900\" height=\"675\" srcset=\"https:\/\/stage.petrahall.se\/wp-content\/uploads\/2008\/06\/hanna_jonas_06.jpg 900w, https:\/\/stage.petrahall.se\/wp-content\/uploads\/2008\/06\/hanna_jonas_06-300x225.jpg 300w\" sizes=\"(max-width: 900px) 100vw, 900px\" \/><\/p>\n\t<div class=\"p3-fb-like-btn-wrap\">\n\t\t<iframe src=\"http:\/\/www.facebook.com\/plugins\/like.php?href=https%3A%2F%2Fstage.petrahall.se%2Findex.php%2F2008%2F06%2F15%2Fhanna-och-jonas%2F&layout=button_count&show_faces=false&action=like&colorscheme=light&width=450&height=35\" scrolling=\"no\" frameborder=\"0\" style=\"border:none; overflow:hidden; width:450px; height:35px;\" allowTransparency=\"true\"><\/iframe>\n\t<\/div>","protected":false},"excerpt":{"rendered":"<p>Ig\u00e5r, l\u00f6rdagen den 14 juni, gifte sig Hanna och Jonas i Norrfj\u00e4rden utanf\u00f6r Pite\u00e5. Det var en str\u00e5lande solig dag och det k\u00e4ndes n\u00e4stan or\u00e4ttvist att f\u00f6rs\u00f6ka hitta lite skugga s\u00e5 vi kunde fotografera dem. S\u00e5 vi f\u00f6rs\u00f6kte blanda b\u00e5de soliga bilder och hitta lite skugga.\u00a0 Vi b\u00f6rjade hemma hos Hanna och Jonas i Bertn\u00e4s [&hellip;]<\/p>\n","protected":false},"author":1,"featured_media":0,"comment_status":"open","ping_status":"open","sticky":false,"template":"","format":"standard","meta":[],"categories":[3],"tags":[41,24,308,10,39,40,20,309],"_links":{"self":[{"href":"https:\/\/stage.petrahall.se\/index.php\/wp-json\/wp\/v2\/posts\/250"}],"collection":[{"href":"https:\/\/stage.petrahall.se\/index.php\/wp-json\/wp\/v2\/posts"}],"about":[{"href":"https:\/\/stage.petrahall.se\/index.php\/wp-json\/wp\/v2\/types\/post"}],"author":[{"embeddable":true,"href":"https:\/\/stage.petrahall.se\/index.php\/wp-json\/wp\/v2\/users\/1"}],"replies":[{"embeddable":true,"href":"https:\/\/stage.petrahall.se\/index.php\/wp-json\/wp\/v2\/comments?post=250"}],"version-history":[{"count":0,"href":"https:\/\/stage.petrahall.se\/index.php\/wp-json\/wp\/v2\/posts\/250\/revisions"}],"wp:attachment":[{"href":"https:\/\/stage.petrahall.se\/index.php\/wp-json\/wp\/v2\/media?parent=250"}],"wp:term":[{"taxonomy":"category","embeddable":true,"href":"https:\/\/stage.petrahall.se\/index.php\/wp-json\/wp\/v2\/categories?post=250"},{"taxonomy":"post_tag","embeddable":true,"href":"https:\/\/stage.petrahall.se\/index.php\/wp-json\/wp\/v2\/tags?post=250"}],"curies":[{"name":"wp","href":"https:\/\/api.w.org\/{rel}","templated":true}]}}