{"id":231,"date":"2008-06-08T10:26:25","date_gmt":"2008-06-08T09:26:25","guid":{"rendered":"http:\/\/stage.petrahall.se\/?p=231"},"modified":"2008-06-08T16:21:31","modified_gmt":"2008-06-08T15:21:31","slug":"eva-katrin-och-dan","status":"publish","type":"post","link":"https:\/\/stage.petrahall.se\/index.php\/2008\/06\/08\/eva-katrin-och-dan\/","title":{"rendered":"Eva-Katrin och Dan"},"content":{"rendered":"<p>I l\u00f6rdags, den 7 juni, blev norska Eva-Katrin och Pite\u00e5sonen Dan \u00e4kta makar. Jag var med en stor del av dagen och var med n\u00e4r Eva-Katrin blev fin hos Vejm, d\u00e4r hon fick b\u00e5de snygg frisyr och makeup. Sedan \u00e5kte vi och h\u00e4mtade brudbukett och crosageblommor hos floristen och sedan \u00e5kte vi ut till Gl\u00e4ntan f\u00f6r att fota lite portr\u00e4tt. D\u00e4r m\u00f6tte en l\u00e4tt nerv\u00f6s Dan, som nog mest \u00f6nskade att det redan var s\u00f6ndag morgon, s\u00e5 att han kunde ha allt detta bortgjort.<\/p>\n<p>Eva-Katrin och Dan \u00e4r som f\u00f6dda framf\u00f6r kameran. V\u00e4ldigt l\u00e4tta att fotografera och jag beh\u00f6vde mest sikta och skjuta med kameran. Dan p\u00e5pekade dock att jag h\u00f6ll kameran fel v\u00e4g vid n\u00e5gra tillf\u00e4llen, men jag hoppas att n\u00e4r han ser bilderna att de inte blir s\u00e5 dumma \u00e4nd\u00e5. \ud83d\ude00<\/p>\n<p>Efter den lite bl\u00e5siga sessionen p\u00e5 stranden (Eva-Katrin hade g\u00e5shud, stackarn) s\u00e5 var det s\u00e5 dags att bege sig till kyrkan. D\u00e4r v\u00e4ntade en norsk ceremoni med den v\u00e4ldigt charmige pr\u00e4sten Odd Willy Johansen, som har f\u00f6ljt Eva-Katrins familj genom m\u00e5nga v\u00e4ldigt tunga stunder i livet, men idag var det bara en gl\u00e4djens dag.\u00a0<\/p>\n<p>Den norska vigselceremonin skiljer sig n\u00e5got fr\u00e5n den svenska, s\u00e5 det var v\u00e4ldigt sp\u00e4nnande f\u00f6r mig att vara med. Bland annat sitter brudparet och deras vittnen framf\u00f6r altarringen p\u00e5 stolar och brudparet sitter mittemot varandra innan de blivit \u00e4kta makar. Efter det k\u00e4nslosamma vigseltalet och lite s\u00e5ng fr\u00e5n pr\u00e4sten var det d\u00e5 dags f\u00f6r den intima vigselakten. Egentligen f\u00e5r inte fotografer fota just d\u00e5, men jag hade f\u00e5tt dispens och det var en fantastisk upplevelse att f\u00e5 vara d\u00e4rframme med brudparet och pr\u00e4sten och dela deras gl\u00e4dje.<\/p>\n<p>Detta inl\u00e4gg blev lite l\u00e5ngt, men jag hade g\u00e4rna skrivit l\u00e4ngre ocks\u00e5, f\u00f6r det var s\u00e5 mycket med den h\u00e4r dagen som var speciell. Dessutom \u00e4r jag en aning sn\u00e5l med bilder ocks\u00e5, ni f\u00e5r bara ett litet smakprov h\u00e4r p\u00e5 bloggen, f\u00f6r det finns m\u00e5nga, m\u00e5nga fler senare att titta p\u00e5 (n\u00e4r jag \u00e4r klar med redigeringen).<\/p>\n<p>Tack Eva-Katrin och Dan f\u00f6r att vi fick dela dagen med er. Ett stort grattis och varma lyck\u00f6nskningar fr\u00e5n oss till er b\u00e5da!<\/p>\n<p><img loading=\"lazy\" class=\"alignnone size-full wp-image-232\" title=\"eva-katrin_dan_01\" src=\"http:\/\/stage.petrahall.se\/wp-content\/uploads\/2008\/06\/eva-katrin_dan_01.jpg\" alt=\"\" width=\"900\" height=\"600\" srcset=\"https:\/\/stage.petrahall.se\/wp-content\/uploads\/2008\/06\/eva-katrin_dan_01.jpg 900w, https:\/\/stage.petrahall.se\/wp-content\/uploads\/2008\/06\/eva-katrin_dan_01-300x200.jpg 300w\" sizes=\"(max-width: 900px) 100vw, 900px\" \/><img loading=\"lazy\" class=\"alignnone size-full wp-image-233\" title=\"eva-katrin_dan_02\" src=\"http:\/\/stage.petrahall.se\/wp-content\/uploads\/2008\/06\/eva-katrin_dan_02.jpg\" alt=\"\" width=\"900\" height=\"600\" srcset=\"https:\/\/stage.petrahall.se\/wp-content\/uploads\/2008\/06\/eva-katrin_dan_02.jpg 900w, https:\/\/stage.petrahall.se\/wp-content\/uploads\/2008\/06\/eva-katrin_dan_02-300x200.jpg 300w\" sizes=\"(max-width: 900px) 100vw, 900px\" \/><img loading=\"lazy\" class=\"alignnone size-full wp-image-243\" title=\"eva-katrin_dan_08ny\" src=\"http:\/\/stage.petrahall.se\/wp-content\/uploads\/2008\/06\/eva-katrin_dan_08ny.jpg\" alt=\"\" width=\"900\" height=\"675\" srcset=\"https:\/\/stage.petrahall.se\/wp-content\/uploads\/2008\/06\/eva-katrin_dan_08ny.jpg 900w, https:\/\/stage.petrahall.se\/wp-content\/uploads\/2008\/06\/eva-katrin_dan_08ny-300x225.jpg 300w\" sizes=\"(max-width: 900px) 100vw, 900px\" \/><a href=\"http:\/\/stage.petrahall.se\/wp-content\/uploads\/2008\/06\/eva-katrin_dan_03.jpg\"><img loading=\"lazy\" class=\"alignnone size-full wp-image-234\" title=\"eva-katrin_dan_03\" src=\"http:\/\/stage.petrahall.se\/wp-content\/uploads\/2008\/06\/eva-katrin_dan_03.jpg\" alt=\"\" width=\"900\" height=\"600\" srcset=\"https:\/\/stage.petrahall.se\/wp-content\/uploads\/2008\/06\/eva-katrin_dan_03.jpg 900w, https:\/\/stage.petrahall.se\/wp-content\/uploads\/2008\/06\/eva-katrin_dan_03-300x200.jpg 300w\" sizes=\"(max-width: 900px) 100vw, 900px\" \/><\/a><a href=\"http:\/\/stage.petrahall.se\/wp-content\/uploads\/2008\/06\/eva-katrin_dan_04.jpg\"><img loading=\"lazy\" class=\"alignnone size-full wp-image-235\" title=\"eva-katrin_dan_04\" src=\"http:\/\/stage.petrahall.se\/wp-content\/uploads\/2008\/06\/eva-katrin_dan_04.jpg\" alt=\"\" width=\"900\" height=\"675\" srcset=\"https:\/\/stage.petrahall.se\/wp-content\/uploads\/2008\/06\/eva-katrin_dan_04.jpg 900w, https:\/\/stage.petrahall.se\/wp-content\/uploads\/2008\/06\/eva-katrin_dan_04-300x225.jpg 300w\" sizes=\"(max-width: 900px) 100vw, 900px\" \/><\/a><img loading=\"lazy\" class=\"alignnone size-full wp-image-236\" title=\"eva-katrin_dan_05\" src=\"http:\/\/stage.petrahall.se\/wp-content\/uploads\/2008\/06\/eva-katrin_dan_05.jpg\" alt=\"\" width=\"900\" height=\"600\" srcset=\"https:\/\/stage.petrahall.se\/wp-content\/uploads\/2008\/06\/eva-katrin_dan_05.jpg 900w, https:\/\/stage.petrahall.se\/wp-content\/uploads\/2008\/06\/eva-katrin_dan_05-300x200.jpg 300w\" sizes=\"(max-width: 900px) 100vw, 900px\" \/><img loading=\"lazy\" class=\"alignnone size-full wp-image-237\" title=\"eva-katrin_dan_06\" src=\"http:\/\/stage.petrahall.se\/wp-content\/uploads\/2008\/06\/eva-katrin_dan_06.jpg\" alt=\"\" width=\"900\" height=\"600\" srcset=\"https:\/\/stage.petrahall.se\/wp-content\/uploads\/2008\/06\/eva-katrin_dan_06.jpg 900w, https:\/\/stage.petrahall.se\/wp-content\/uploads\/2008\/06\/eva-katrin_dan_06-300x200.jpg 300w\" sizes=\"(max-width: 900px) 100vw, 900px\" \/><img loading=\"lazy\" class=\"alignnone size-full wp-image-238\" title=\"eva-katrin_dan_07\" src=\"http:\/\/stage.petrahall.se\/wp-content\/uploads\/2008\/06\/eva-katrin_dan_07.jpg\" alt=\"\" width=\"900\" height=\"600\" srcset=\"https:\/\/stage.petrahall.se\/wp-content\/uploads\/2008\/06\/eva-katrin_dan_07.jpg 900w, https:\/\/stage.petrahall.se\/wp-content\/uploads\/2008\/06\/eva-katrin_dan_07-300x200.jpg 300w\" sizes=\"(max-width: 900px) 100vw, 900px\" \/><img loading=\"lazy\" class=\"alignnone size-full wp-image-244\" title=\"eva-katrin_dan_18\" src=\"http:\/\/stage.petrahall.se\/wp-content\/uploads\/2008\/06\/eva-katrin_dan_18.jpg\" alt=\"\" width=\"900\" height=\"600\" srcset=\"https:\/\/stage.petrahall.se\/wp-content\/uploads\/2008\/06\/eva-katrin_dan_18.jpg 900w, https:\/\/stage.petrahall.se\/wp-content\/uploads\/2008\/06\/eva-katrin_dan_18-300x200.jpg 300w\" sizes=\"(max-width: 900px) 100vw, 900px\" \/><img loading=\"lazy\" class=\"alignnone size-full wp-image-245\" title=\"eva-katrin_dan_19\" src=\"http:\/\/stage.petrahall.se\/wp-content\/uploads\/2008\/06\/eva-katrin_dan_19.jpg\" alt=\"\" width=\"900\" height=\"600\" srcset=\"https:\/\/stage.petrahall.se\/wp-content\/uploads\/2008\/06\/eva-katrin_dan_19.jpg 900w, https:\/\/stage.petrahall.se\/wp-content\/uploads\/2008\/06\/eva-katrin_dan_19-300x200.jpg 300w\" sizes=\"(max-width: 900px) 100vw, 900px\" \/><img loading=\"lazy\" class=\"alignnone size-full wp-image-239\" title=\"eva-katrin_dan_08\" src=\"http:\/\/stage.petrahall.se\/wp-content\/uploads\/2008\/06\/eva-katrin_dan_08.jpg\" alt=\"\" width=\"900\" height=\"600\" srcset=\"https:\/\/stage.petrahall.se\/wp-content\/uploads\/2008\/06\/eva-katrin_dan_08.jpg 900w, https:\/\/stage.petrahall.se\/wp-content\/uploads\/2008\/06\/eva-katrin_dan_08-300x200.jpg 300w\" sizes=\"(max-width: 900px) 100vw, 900px\" \/><\/p>\n<p>PS. Nej det \u00e4r inte tradition i Norge att brudparet pussar pr\u00e4sten. Men jag tyckte Odd Willy Johansen var en s\u00e5n person som skulle uppskatta mitt lilla uppt\u00e5g, och detta \u00e4r mitt busiga tack f\u00f6r att han l\u00e4t mig vara med hela v\u00e4gen under ceremonin. Tack!<\/p>\n\t<div class=\"p3-fb-like-btn-wrap\">\n\t\t<iframe src=\"http:\/\/www.facebook.com\/plugins\/like.php?href=https%3A%2F%2Fstage.petrahall.se%2Findex.php%2F2008%2F06%2F08%2Feva-katrin-och-dan%2F&layout=button_count&show_faces=false&action=like&colorscheme=light&width=450&height=35\" scrolling=\"no\" frameborder=\"0\" style=\"border:none; overflow:hidden; width:450px; height:35px;\" allowTransparency=\"true\"><\/iframe>\n\t<\/div>","protected":false},"excerpt":{"rendered":"<p>I l\u00f6rdags, den 7 juni, blev norska Eva-Katrin och Pite\u00e5sonen Dan \u00e4kta makar. Jag var med en stor del av dagen och var med n\u00e4r Eva-Katrin blev fin hos Vejm, d\u00e4r hon fick b\u00e5de snygg frisyr och makeup. Sedan \u00e5kte vi och h\u00e4mtade brudbukett och crosageblommor hos floristen och sedan \u00e5kte vi ut till Gl\u00e4ntan [&hellip;]<\/p>\n","protected":false},"author":1,"featured_media":0,"comment_status":"open","ping_status":"open","sticky":false,"template":"","format":"standard","meta":[],"categories":[3],"tags":[24,308,10,34,25,35,33],"_links":{"self":[{"href":"https:\/\/stage.petrahall.se\/index.php\/wp-json\/wp\/v2\/posts\/231"}],"collection":[{"href":"https:\/\/stage.petrahall.se\/index.php\/wp-json\/wp\/v2\/posts"}],"about":[{"href":"https:\/\/stage.petrahall.se\/index.php\/wp-json\/wp\/v2\/types\/post"}],"author":[{"embeddable":true,"href":"https:\/\/stage.petrahall.se\/index.php\/wp-json\/wp\/v2\/users\/1"}],"replies":[{"embeddable":true,"href":"https:\/\/stage.petrahall.se\/index.php\/wp-json\/wp\/v2\/comments?post=231"}],"version-history":[{"count":0,"href":"https:\/\/stage.petrahall.se\/index.php\/wp-json\/wp\/v2\/posts\/231\/revisions"}],"wp:attachment":[{"href":"https:\/\/stage.petrahall.se\/index.php\/wp-json\/wp\/v2\/media?parent=231"}],"wp:term":[{"taxonomy":"category","embeddable":true,"href":"https:\/\/stage.petrahall.se\/index.php\/wp-json\/wp\/v2\/categories?post=231"},{"taxonomy":"post_tag","embeddable":true,"href":"https:\/\/stage.petrahall.se\/index.php\/wp-json\/wp\/v2\/tags?post=231"}],"curies":[{"name":"wp","href":"https:\/\/api.w.org\/{rel}","templated":true}]}}