{"id":225,"date":"2008-06-07T19:05:21","date_gmt":"2008-06-07T18:05:21","guid":{"rendered":"http:\/\/stage.petrahall.se\/?p=225"},"modified":"2008-06-08T16:09:18","modified_gmt":"2008-06-08T15:09:18","slug":"therse-och-mikael","status":"publish","type":"post","link":"https:\/\/stage.petrahall.se\/index.php\/2008\/06\/07\/therse-och-mikael\/","title":{"rendered":"Therse och Mikael"},"content":{"rendered":"<p>Ig\u00e5r (fredag den 6 juni) p\u00e5 sj\u00e4lvaste nationaldagen sa Theres och Mikael ja till varandra i \u00d6jeby kyrka. Jag hade f\u00f6rm\u00e5nen att tr\u00e4ffa detta goa par innan vigseln f\u00f6r att ta n\u00e5gra portr\u00e4tt av dem innan de lovade varandra trohet och k\u00e4rlek. Vi bel\u00f6nades med varmt v\u00e4der och solen tittade fram d\u00e5 och d\u00e5 ocks\u00e5. Med andra ord, det var en perfekt br\u00f6llopsdag!  Jag lockar med bara n\u00e5gra f\u00e5 bilder (det finns m\u00e5nga fler n\u00e4mligen), f\u00f6r Theres hade n\u00e4mligen en liten \u00f6verraskning till Mikael p\u00e5 morgonen efter br\u00f6llopet. D\u00e5 han fick ett antal boudoirbilder som jag och Theres tog f\u00f6r n\u00e5gon m\u00e5nad sedan, s\u00e5 att Mikael skulle f\u00e5 en fin och v\u00e4ldigt personlig morgong\u00e5va.  S\u00e5 d\u00e4rf\u00f6r kommer h\u00e4r ett litet smakprov fr\u00e5n br\u00f6llopsbilderna och \u00e4ven smakprov fr\u00e5n Theres boudoirsession (de v\u00e5gade f\u00e5r Mikael njuta av alldeles ensam).\u00a0  Grattis och massor med lycka till \u00f6nskar vi er b\u00e5da. Och vi hoppas att allt g\u00e5r bra \u00e4ven med det v\u00e4ntande knytet som ligger under Theres hj\u00e4rta och v\u00e4xer sig stor.<img loading=\"lazy\" class=\"alignnone size-full wp-image-226\" title=\"theres_mikael_01\" src=\"http:\/\/stage.petrahall.se\/wp-content\/uploads\/2008\/06\/theres_mikael_01.jpg\" alt=\"\" width=\"900\" height=\"675\" srcset=\"https:\/\/stage.petrahall.se\/wp-content\/uploads\/2008\/06\/theres_mikael_01.jpg 900w, https:\/\/stage.petrahall.se\/wp-content\/uploads\/2008\/06\/theres_mikael_01-300x225.jpg 300w\" sizes=\"(max-width: 900px) 100vw, 900px\" \/><img loading=\"lazy\" class=\"alignnone size-full wp-image-242\" title=\"theres_mikael_02ny\" src=\"http:\/\/stage.petrahall.se\/wp-content\/uploads\/2008\/06\/theres_mikael_02ny.jpg\" alt=\"\" width=\"900\" height=\"675\" srcset=\"https:\/\/stage.petrahall.se\/wp-content\/uploads\/2008\/06\/theres_mikael_02ny.jpg 900w, https:\/\/stage.petrahall.se\/wp-content\/uploads\/2008\/06\/theres_mikael_02ny-300x225.jpg 300w\" sizes=\"(max-width: 900px) 100vw, 900px\" \/><img loading=\"lazy\" class=\"alignnone size-full wp-image-228\" title=\"theres_mikael_03\" src=\"http:\/\/stage.petrahall.se\/wp-content\/uploads\/2008\/06\/theres_mikael_03.jpg\" alt=\"\" width=\"900\" height=\"600\" srcset=\"https:\/\/stage.petrahall.se\/wp-content\/uploads\/2008\/06\/theres_mikael_03.jpg 900w, https:\/\/stage.petrahall.se\/wp-content\/uploads\/2008\/06\/theres_mikael_03-300x200.jpg 300w\" sizes=\"(max-width: 900px) 100vw, 900px\" \/><img loading=\"lazy\" class=\"alignnone size-full wp-image-240\" title=\"theres_mikael_04\" src=\"http:\/\/stage.petrahall.se\/wp-content\/uploads\/2008\/06\/theres_mikael_04.jpg\" alt=\"\" width=\"900\" height=\"675\" srcset=\"https:\/\/stage.petrahall.se\/wp-content\/uploads\/2008\/06\/theres_mikael_04.jpg 900w, https:\/\/stage.petrahall.se\/wp-content\/uploads\/2008\/06\/theres_mikael_04-300x225.jpg 300w\" sizes=\"(max-width: 900px) 100vw, 900px\" \/><img loading=\"lazy\" class=\"alignnone size-full wp-image-241\" title=\"theres_mikael_06\" src=\"http:\/\/stage.petrahall.se\/wp-content\/uploads\/2008\/06\/theres_mikael_06.jpg\" alt=\"\" width=\"900\" height=\"600\" srcset=\"https:\/\/stage.petrahall.se\/wp-content\/uploads\/2008\/06\/theres_mikael_06.jpg 900w, https:\/\/stage.petrahall.se\/wp-content\/uploads\/2008\/06\/theres_mikael_06-300x200.jpg 300w\" sizes=\"(max-width: 900px) 100vw, 900px\" \/>\u00a0  Ja, sen var det vackra Theres n\u00e4r vi fotade p\u00e5 Stadshotellet i Pite\u00e5 i b\u00f6rjan av maj. \u00c4r hon inte vacker?!! De svartvita bilderna g\u00f6r inte hennes fantastiskt bl\u00e5 \u00f6gon r\u00e4ttvisa, men det \u00e4r n\u00e5got som Mikael f\u00e5r njuta av ist\u00e4llet. \ud83d\ude42<img loading=\"lazy\" class=\"alignnone size-full wp-image-229\" title=\"theres_01\" src=\"http:\/\/stage.petrahall.se\/wp-content\/uploads\/2008\/06\/theres_01.jpg\" alt=\"\" width=\"900\" height=\"675\" srcset=\"https:\/\/stage.petrahall.se\/wp-content\/uploads\/2008\/06\/theres_01.jpg 900w, https:\/\/stage.petrahall.se\/wp-content\/uploads\/2008\/06\/theres_01-300x225.jpg 300w\" sizes=\"(max-width: 900px) 100vw, 900px\" \/><img loading=\"lazy\" class=\"alignnone size-full wp-image-230\" title=\"theres_02\" src=\"http:\/\/stage.petrahall.se\/wp-content\/uploads\/2008\/06\/theres_02.jpg\" alt=\"\" width=\"900\" height=\"675\" srcset=\"https:\/\/stage.petrahall.se\/wp-content\/uploads\/2008\/06\/theres_02.jpg 900w, https:\/\/stage.petrahall.se\/wp-content\/uploads\/2008\/06\/theres_02-300x225.jpg 300w\" sizes=\"(max-width: 900px) 100vw, 900px\" \/><\/p>\n\t<div class=\"p3-fb-like-btn-wrap\">\n\t\t<iframe src=\"http:\/\/www.facebook.com\/plugins\/like.php?href=https%3A%2F%2Fstage.petrahall.se%2Findex.php%2F2008%2F06%2F07%2Ftherse-och-mikael%2F&layout=button_count&show_faces=false&action=like&colorscheme=light&width=450&height=35\" scrolling=\"no\" frameborder=\"0\" style=\"border:none; overflow:hidden; width:450px; height:35px;\" allowTransparency=\"true\"><\/iframe>\n\t<\/div>","protected":false},"excerpt":{"rendered":"<p>Ig\u00e5r (fredag den 6 juni) p\u00e5 sj\u00e4lvaste nationaldagen sa Theres och Mikael ja till varandra i \u00d6jeby kyrka. Jag hade f\u00f6rm\u00e5nen att tr\u00e4ffa detta goa par innan vigseln f\u00f6r att ta n\u00e5gra portr\u00e4tt av dem innan de lovade varandra trohet och k\u00e4rlek. Vi bel\u00f6nades med varmt v\u00e4der och solen tittade fram d\u00e5 och d\u00e5 ocks\u00e5. [&hellip;]<\/p>\n","protected":false},"author":1,"featured_media":0,"comment_status":"open","ping_status":"open","sticky":false,"template":"","format":"standard","meta":[],"categories":[3],"tags":[31,308,10,32,30,29],"_links":{"self":[{"href":"https:\/\/stage.petrahall.se\/index.php\/wp-json\/wp\/v2\/posts\/225"}],"collection":[{"href":"https:\/\/stage.petrahall.se\/index.php\/wp-json\/wp\/v2\/posts"}],"about":[{"href":"https:\/\/stage.petrahall.se\/index.php\/wp-json\/wp\/v2\/types\/post"}],"author":[{"embeddable":true,"href":"https:\/\/stage.petrahall.se\/index.php\/wp-json\/wp\/v2\/users\/1"}],"replies":[{"embeddable":true,"href":"https:\/\/stage.petrahall.se\/index.php\/wp-json\/wp\/v2\/comments?post=225"}],"version-history":[{"count":0,"href":"https:\/\/stage.petrahall.se\/index.php\/wp-json\/wp\/v2\/posts\/225\/revisions"}],"wp:attachment":[{"href":"https:\/\/stage.petrahall.se\/index.php\/wp-json\/wp\/v2\/media?parent=225"}],"wp:term":[{"taxonomy":"category","embeddable":true,"href":"https:\/\/stage.petrahall.se\/index.php\/wp-json\/wp\/v2\/categories?post=225"},{"taxonomy":"post_tag","embeddable":true,"href":"https:\/\/stage.petrahall.se\/index.php\/wp-json\/wp\/v2\/tags?post=225"}],"curies":[{"name":"wp","href":"https:\/\/api.w.org\/{rel}","templated":true}]}}