{"id":223,"date":"2008-05-12T02:52:25","date_gmt":"2008-05-12T01:52:25","guid":{"rendered":"http:\/\/stage.petrahall.se\/?p=223"},"modified":"2008-05-12T02:52:25","modified_gmt":"2008-05-12T01:52:25","slug":"nu-ar-det-fullbokat","status":"publish","type":"post","link":"https:\/\/stage.petrahall.se\/index.php\/2008\/05\/12\/nu-ar-det-fullbokat\/","title":{"rendered":"Nu \u00e4r det fullbokat!"},"content":{"rendered":"<p>Det \u00e4r b\u00e5de med sorg och gl\u00e4dje jag m\u00e5ste s\u00e4ga att jag inte kan ta mer br\u00f6llopsbokningar i sommar. I princip \u00e4r alla sommarens helger (plus n\u00e5gra veckodagar) bokade under juni, juli och augusti och den ynka helg eller tv\u00e5 som \u00e4r fria l\u00e4r jag beh\u00f6va f\u00f6r att ladda batterierna och hinna redigera alla br\u00f6llopsbilder som jag kommer att ta i sommar. Kan redan nu s\u00e4ga att det kommer att ta tid att f\u00e5 se sina bilder, d\u00e5 det \u00e4r s\u00e5 packat med fotograferingar.<\/p>\n<p>Jag hade best\u00e4mt ett tak p\u00e5 max 15 br\u00f6llop under 2008, och jag \u00e4r nu uppe i 18 stycken (varav tre fotades under vintern). S\u00e5 ser ni ett ledigt datum i juni, juli eller augusti s\u00e5 kommer jag att vara tvungen att tacka nej, d\u00e5 taket verkligen \u00e4r n\u00e5tt med r\u00e5ge. D\u00e4remot vore det kul med n\u00e5gra fler h\u00f6stbr\u00f6llop, s\u00e5 tveka inte att planera inf\u00f6r h\u00f6sten! \u00a0<\/p>\n<p>Jag vill ocks\u00e5 f\u00f6rvarna om att jag kommer att h\u00f6ja priserna inf\u00f6r s\u00e4songen 2009, s\u00e5 vill ni f\u00f6rs\u00e4kra er om att boka ert br\u00f6llop till l\u00e4gre pris (enligt 2008 \u00e5rs prislista) under 2009, s\u00e5 uppmanar jag er att boka f\u00f6re den 1:a oktober d\u00e5 h\u00f6jningen b\u00f6rjar g\u00e4lla efter 1 oktober f\u00f6r 2009 \u00e5rs br\u00f6llop.<\/p>\n<p>Vill ni boka vanliga portr\u00e4tt s\u00e5 g\u00e5r det bra i m\u00e5n av tid, och det kommer bara att vara m\u00f6jligt att fota under veckodagar\/kv\u00e4llar under sommarm\u00e5naderna, s\u00e5 maila mig om det \u00e4r n\u00e5got ni funderar \u00f6ver.\u00a0<\/p>\n<p>Jag avslutar denna post med en bild p\u00e5 Cissi och Mattias som jag fotade i augusti 2006. Mattias tog en bild av Cissi med en av mina kameror medan jag bytte objektiv p\u00e5 den andra kameran. Jag tycker bilden passar in h\u00e4r, och bildtexten kanske kan vara:<\/p>\n<p><em>Nu m\u00e5ste brudparen ta saken i egna h\u00e4nder, f\u00f6r nu \u00e4r Petra Hall fullbokad! \u00a0<\/em> \ud83d\ude00<\/p>\n<p><img loading=\"lazy\" class=\"alignnone size-full wp-image-224\" title=\"fullbokat\" src=\"http:\/\/stage.petrahall.se\/wp-content\/uploads\/2008\/05\/fullbokat.jpg\" alt=\"\" width=\"900\" height=\"600\" srcset=\"https:\/\/stage.petrahall.se\/wp-content\/uploads\/2008\/05\/fullbokat.jpg 900w, https:\/\/stage.petrahall.se\/wp-content\/uploads\/2008\/05\/fullbokat-300x200.jpg 300w\" sizes=\"(max-width: 900px) 100vw, 900px\" \/><\/p>\n\t<div class=\"p3-fb-like-btn-wrap\">\n\t\t<iframe src=\"http:\/\/www.facebook.com\/plugins\/like.php?href=https%3A%2F%2Fstage.petrahall.se%2Findex.php%2F2008%2F05%2F12%2Fnu-ar-det-fullbokat%2F&layout=button_count&show_faces=false&action=like&colorscheme=light&width=450&height=35\" scrolling=\"no\" frameborder=\"0\" style=\"border:none; overflow:hidden; width:450px; height:35px;\" allowTransparency=\"true\"><\/iframe>\n\t<\/div>","protected":false},"excerpt":{"rendered":"<p>Det \u00e4r b\u00e5de med sorg och gl\u00e4dje jag m\u00e5ste s\u00e4ga att jag inte kan ta mer br\u00f6llopsbokningar i sommar. I princip \u00e4r alla sommarens helger (plus n\u00e5gra veckodagar) bokade under juni, juli och augusti och den ynka helg eller tv\u00e5 som \u00e4r fria l\u00e4r jag beh\u00f6va f\u00f6r att ladda batterierna och hinna redigera alla br\u00f6llopsbilder [&hellip;]<\/p>\n","protected":false},"author":1,"featured_media":0,"comment_status":"open","ping_status":"open","sticky":false,"template":"","format":"standard","meta":[],"categories":[3],"tags":[308,10,9,7,8,28,27],"_links":{"self":[{"href":"https:\/\/stage.petrahall.se\/index.php\/wp-json\/wp\/v2\/posts\/223"}],"collection":[{"href":"https:\/\/stage.petrahall.se\/index.php\/wp-json\/wp\/v2\/posts"}],"about":[{"href":"https:\/\/stage.petrahall.se\/index.php\/wp-json\/wp\/v2\/types\/post"}],"author":[{"embeddable":true,"href":"https:\/\/stage.petrahall.se\/index.php\/wp-json\/wp\/v2\/users\/1"}],"replies":[{"embeddable":true,"href":"https:\/\/stage.petrahall.se\/index.php\/wp-json\/wp\/v2\/comments?post=223"}],"version-history":[{"count":0,"href":"https:\/\/stage.petrahall.se\/index.php\/wp-json\/wp\/v2\/posts\/223\/revisions"}],"wp:attachment":[{"href":"https:\/\/stage.petrahall.se\/index.php\/wp-json\/wp\/v2\/media?parent=223"}],"wp:term":[{"taxonomy":"category","embeddable":true,"href":"https:\/\/stage.petrahall.se\/index.php\/wp-json\/wp\/v2\/categories?post=223"},{"taxonomy":"post_tag","embeddable":true,"href":"https:\/\/stage.petrahall.se\/index.php\/wp-json\/wp\/v2\/tags?post=223"}],"curies":[{"name":"wp","href":"https:\/\/api.w.org\/{rel}","templated":true}]}}