{"id":2018,"date":"2011-05-30T21:55:44","date_gmt":"2011-05-30T19:55:44","guid":{"rendered":"http:\/\/stage.petrahall.se\/?p=2018"},"modified":"2011-05-30T21:55:44","modified_gmt":"2011-05-30T19:55:44","slug":"lilla-katten-gor-sig-hemmastadd","status":"publish","type":"post","link":"https:\/\/stage.petrahall.se\/index.php\/2011\/05\/30\/lilla-katten-gor-sig-hemmastadd\/","title":{"rendered":"Lilla katten g\u00f6r sig hemmastadd"},"content":{"rendered":"<p>T\u00e4nkte bara posta ett litet collage som jag sammanst\u00e4llt p\u00e5 nykomlingen Lacy, som jag tagit. Det \u00e4r inte n\u00e5gra speciella bilder, men jag tycker det var kul med ett litet collage som visar hur hon leker, vilar och n\u00e4rmar sig de andra tv\u00e5 katterna. Sam och Suzy har b\u00f6rjat acceptera henne, men hon tog med sig en f\u00f6rkylning, s\u00e5 nu \u00e4r b\u00e5de Sam och Suzy sjuka. Men det hindrar inte Lacy fr\u00e5n att jaga runt efter dem, och sedan f\u00f6rs\u00f6ka sova tillsammans med dem. Sam har accepterat henne b\u00e4st, s\u00e5 hon f\u00e5r sova t\u00e4tt intill honom numera.<\/p>\n<p><img loading=\"lazy\" class=\"alignleft size-full wp-image-2020\" title=\"LacyCollage\" src=\"http:\/\/stage.petrahall.se\/wp-content\/uploads\/2011\/05\/LacyCollage.jpg\" alt=\"\" width=\"900\" height=\"1164\" srcset=\"https:\/\/stage.petrahall.se\/wp-content\/uploads\/2011\/05\/LacyCollage.jpg 900w, https:\/\/stage.petrahall.se\/wp-content\/uploads\/2011\/05\/LacyCollage-231x300.jpg 231w, https:\/\/stage.petrahall.se\/wp-content\/uploads\/2011\/05\/LacyCollage-791x1024.jpg 791w\" sizes=\"(max-width: 900px) 100vw, 900px\" \/><\/p>\n\t<div class=\"p3-fb-like-btn-wrap\">\n\t\t<iframe src=\"http:\/\/www.facebook.com\/plugins\/like.php?href=https%3A%2F%2Fstage.petrahall.se%2Findex.php%2F2011%2F05%2F30%2Flilla-katten-gor-sig-hemmastadd%2F&layout=button_count&show_faces=false&action=like&colorscheme=light&width=450&height=35\" scrolling=\"no\" frameborder=\"0\" style=\"border:none; overflow:hidden; width:450px; height:35px;\" allowTransparency=\"true\"><\/iframe>\n\t<\/div>","protected":false},"excerpt":{"rendered":"<p>T\u00e4nkte bara posta ett litet collage som jag sammanst\u00e4llt p\u00e5 nykomlingen Lacy, som jag tagit. Det \u00e4r inte n\u00e5gra speciella bilder, men jag tycker det var kul med ett litet collage som visar hur hon leker, vilar och n\u00e4rmar sig de andra tv\u00e5 katterna. Sam och Suzy har b\u00f6rjat acceptera henne, men hon tog med [&hellip;]<\/p>\n","protected":false},"author":1,"featured_media":0,"comment_status":"open","ping_status":"open","sticky":false,"template":"","format":"standard","meta":[],"categories":[6,4],"tags":[11,126,283,284,276],"_links":{"self":[{"href":"https:\/\/stage.petrahall.se\/index.php\/wp-json\/wp\/v2\/posts\/2018"}],"collection":[{"href":"https:\/\/stage.petrahall.se\/index.php\/wp-json\/wp\/v2\/posts"}],"about":[{"href":"https:\/\/stage.petrahall.se\/index.php\/wp-json\/wp\/v2\/types\/post"}],"author":[{"embeddable":true,"href":"https:\/\/stage.petrahall.se\/index.php\/wp-json\/wp\/v2\/users\/1"}],"replies":[{"embeddable":true,"href":"https:\/\/stage.petrahall.se\/index.php\/wp-json\/wp\/v2\/comments?post=2018"}],"version-history":[{"count":3,"href":"https:\/\/stage.petrahall.se\/index.php\/wp-json\/wp\/v2\/posts\/2018\/revisions"}],"predecessor-version":[{"id":2022,"href":"https:\/\/stage.petrahall.se\/index.php\/wp-json\/wp\/v2\/posts\/2018\/revisions\/2022"}],"wp:attachment":[{"href":"https:\/\/stage.petrahall.se\/index.php\/wp-json\/wp\/v2\/media?parent=2018"}],"wp:term":[{"taxonomy":"category","embeddable":true,"href":"https:\/\/stage.petrahall.se\/index.php\/wp-json\/wp\/v2\/categories?post=2018"},{"taxonomy":"post_tag","embeddable":true,"href":"https:\/\/stage.petrahall.se\/index.php\/wp-json\/wp\/v2\/tags?post=2018"}],"curies":[{"name":"wp","href":"https:\/\/api.w.org\/{rel}","templated":true}]}}