{"id":2013,"date":"2011-05-30T21:50:51","date_gmt":"2011-05-30T19:50:51","guid":{"rendered":"http:\/\/stage.petrahall.se\/?p=2013"},"modified":"2011-05-30T21:51:39","modified_gmt":"2011-05-30T19:51:39","slug":"mer-gamla-kameror","status":"publish","type":"post","link":"https:\/\/stage.petrahall.se\/index.php\/2011\/05\/30\/mer-gamla-kameror\/","title":{"rendered":"Mer gamla kameror"},"content":{"rendered":"<p>F\u00e4stmannen forts\u00e4tter att shoppa gamla kameror, och snart har vi en riktigt h\u00e4rlig samling. N\u00e4r vi \u00e4r klara ska jag ta en bild p\u00e5 dem allihop samtidigt, men h\u00e4r \u00e4r ytterligare tre kameror som har hittat hem till oss. Nu \u00e4r det bara en Twin Reflex som saknas och en stor l\u00e5dkamera. \ud83d\ude00<\/p>\n<p><img loading=\"lazy\" class=\"p3-insert-all size-full aligncenter\" title=\"OldCamera_01\" src=\"http:\/\/stage.petrahall.se\/wp-content\/uploads\/2011\/05\/OldCamera_01.jpg\" alt=\"\" width=\"900\" height=\"600\" \/><img loading=\"lazy\" class=\"p3-insert-all size-full aligncenter\" title=\"OldCamera_02\" src=\"http:\/\/stage.petrahall.se\/wp-content\/uploads\/2011\/05\/OldCamera_02.jpg\" alt=\"\" width=\"900\" height=\"600\" \/>Snart b\u00f6rjar br\u00f6llopss\u00e4songen, s\u00e5 jag hoppas att jag kan bli lite mer aktiv p\u00e5 bloggen. Och sedan har jag mitt probjekt far &amp; dotter att fota i sommar. Den f\u00f6rsta utst\u00e4llningen blir redan p\u00e5 v\u00e5ren 2012, s\u00e5 det blir till att l\u00e4gga manken till nu!<\/p>\n\t<div class=\"p3-fb-like-btn-wrap\">\n\t\t<iframe src=\"http:\/\/www.facebook.com\/plugins\/like.php?href=https%3A%2F%2Fstage.petrahall.se%2Findex.php%2F2011%2F05%2F30%2Fmer-gamla-kameror%2F&layout=button_count&show_faces=false&action=like&colorscheme=light&width=450&height=35\" scrolling=\"no\" frameborder=\"0\" style=\"border:none; overflow:hidden; width:450px; height:35px;\" allowTransparency=\"true\"><\/iframe>\n\t<\/div>","protected":false},"excerpt":{"rendered":"<p>F\u00e4stmannen forts\u00e4tter att shoppa gamla kameror, och snart har vi en riktigt h\u00e4rlig samling. N\u00e4r vi \u00e4r klara ska jag ta en bild p\u00e5 dem allihop samtidigt, men h\u00e4r \u00e4r ytterligare tre kameror som har hittat hem till oss. Nu \u00e4r det bara en Twin Reflex som saknas och en stor l\u00e5dkamera. \ud83d\ude00 Snart b\u00f6rjar [&hellip;]<\/p>\n","protected":false},"author":1,"featured_media":0,"comment_status":"open","ping_status":"open","sticky":false,"template":"","format":"standard","meta":[],"categories":[6,4],"tags":[282,171,11,278],"_links":{"self":[{"href":"https:\/\/stage.petrahall.se\/index.php\/wp-json\/wp\/v2\/posts\/2013"}],"collection":[{"href":"https:\/\/stage.petrahall.se\/index.php\/wp-json\/wp\/v2\/posts"}],"about":[{"href":"https:\/\/stage.petrahall.se\/index.php\/wp-json\/wp\/v2\/types\/post"}],"author":[{"embeddable":true,"href":"https:\/\/stage.petrahall.se\/index.php\/wp-json\/wp\/v2\/users\/1"}],"replies":[{"embeddable":true,"href":"https:\/\/stage.petrahall.se\/index.php\/wp-json\/wp\/v2\/comments?post=2013"}],"version-history":[{"count":2,"href":"https:\/\/stage.petrahall.se\/index.php\/wp-json\/wp\/v2\/posts\/2013\/revisions"}],"predecessor-version":[{"id":2017,"href":"https:\/\/stage.petrahall.se\/index.php\/wp-json\/wp\/v2\/posts\/2013\/revisions\/2017"}],"wp:attachment":[{"href":"https:\/\/stage.petrahall.se\/index.php\/wp-json\/wp\/v2\/media?parent=2013"}],"wp:term":[{"taxonomy":"category","embeddable":true,"href":"https:\/\/stage.petrahall.se\/index.php\/wp-json\/wp\/v2\/categories?post=2013"},{"taxonomy":"post_tag","embeddable":true,"href":"https:\/\/stage.petrahall.se\/index.php\/wp-json\/wp\/v2\/tags?post=2013"}],"curies":[{"name":"wp","href":"https:\/\/api.w.org\/{rel}","templated":true}]}}