{"id":192,"date":"2008-03-18T12:54:56","date_gmt":"2008-03-18T12:54:56","guid":{"rendered":"http:\/\/stage.petrahall.se\/?p=192"},"modified":"2008-03-18T19:02:54","modified_gmt":"2008-03-18T18:02:54","slug":"bloggen-blev-lite-bredare","status":"publish","type":"post","link":"https:\/\/stage.petrahall.se\/index.php\/2008\/03\/18\/bloggen-blev-lite-bredare\/","title":{"rendered":"Bloggen blev lite bredare!"},"content":{"rendered":"<p>Nu har jag uppdaterat bloggen \u00e4nnu en g\u00e5ng och denna g\u00e5ng med en v\u00e4ldigt fotov\u00e4nlig mall som jag inf\u00f6rskaffat fr\u00e5n <a href=\"http:\/\/www.professionalphotographertheme.com\/\" target=\"_blank\">ProPhoto<\/a>. Mallen \u00e4r gjord f\u00f6r proffsfotografer, s\u00e5 att de kan visa upp sina bilder i mycket st\u00f6rre format \u00e4n i vanliga bloggmallar. H\u00e4rliga 900 pixlars bredd blev det!<\/p>\n<p>Jag var bara tvungen att leta fram n\u00e5gra gamla bilder som jag tog i somras som jag kunde vr\u00e4ka p\u00e5 riktigt stort. Hoppas ni gillar dessa tv\u00e5 bilder! Jag provar ocks\u00e5 p\u00e5 ett nytt s\u00e4tt att m\u00e4rka mina bilder med, s\u00e5 att jag verkligen kan dra nytta av bredden.<\/p>\n<p>Bilderna \u00e4r tagna i somras i Fort Erie i s\u00f6dra Ontario, Kanada.<\/p>\n<p><img src=\"http:\/\/stage.petrahall.se\/wp-content\/uploads\/2008\/03\/forterie01.jpg\" alt=\"Fort Erie, Kanada\" \/><\/p>\n<p><img src=\"http:\/\/stage.petrahall.se\/wp-content\/uploads\/2008\/03\/forterie02.jpg\" alt=\"Fort Erie, Kanada\" \/><\/p>\n\t<div class=\"p3-fb-like-btn-wrap\">\n\t\t<iframe src=\"http:\/\/www.facebook.com\/plugins\/like.php?href=https%3A%2F%2Fstage.petrahall.se%2Findex.php%2F2008%2F03%2F18%2Fbloggen-blev-lite-bredare%2F&layout=button_count&show_faces=false&action=like&colorscheme=light&width=450&height=35\" scrolling=\"no\" frameborder=\"0\" style=\"border:none; overflow:hidden; width:450px; height:35px;\" allowTransparency=\"true\"><\/iframe>\n\t<\/div>","protected":false},"excerpt":{"rendered":"<p>Nu har jag uppdaterat bloggen \u00e4nnu en g\u00e5ng och denna g\u00e5ng med en v\u00e4ldigt fotov\u00e4nlig mall som jag inf\u00f6rskaffat fr\u00e5n ProPhoto. Mallen \u00e4r gjord f\u00f6r proffsfotografer, s\u00e5 att de kan visa upp sina bilder i mycket st\u00f6rre format \u00e4n i vanliga bloggmallar. H\u00e4rliga 900 pixlars bredd blev det! Jag var bara tvungen att leta fram [&hellip;]<\/p>\n","protected":false},"author":1,"featured_media":0,"comment_status":"open","ping_status":"open","sticky":false,"template":"","format":"standard","meta":[],"categories":[6],"tags":[15,16,7,11,18,17],"_links":{"self":[{"href":"https:\/\/stage.petrahall.se\/index.php\/wp-json\/wp\/v2\/posts\/192"}],"collection":[{"href":"https:\/\/stage.petrahall.se\/index.php\/wp-json\/wp\/v2\/posts"}],"about":[{"href":"https:\/\/stage.petrahall.se\/index.php\/wp-json\/wp\/v2\/types\/post"}],"author":[{"embeddable":true,"href":"https:\/\/stage.petrahall.se\/index.php\/wp-json\/wp\/v2\/users\/1"}],"replies":[{"embeddable":true,"href":"https:\/\/stage.petrahall.se\/index.php\/wp-json\/wp\/v2\/comments?post=192"}],"version-history":[{"count":0,"href":"https:\/\/stage.petrahall.se\/index.php\/wp-json\/wp\/v2\/posts\/192\/revisions"}],"wp:attachment":[{"href":"https:\/\/stage.petrahall.se\/index.php\/wp-json\/wp\/v2\/media?parent=192"}],"wp:term":[{"taxonomy":"category","embeddable":true,"href":"https:\/\/stage.petrahall.se\/index.php\/wp-json\/wp\/v2\/categories?post=192"},{"taxonomy":"post_tag","embeddable":true,"href":"https:\/\/stage.petrahall.se\/index.php\/wp-json\/wp\/v2\/tags?post=192"}],"curies":[{"name":"wp","href":"https:\/\/api.w.org\/{rel}","templated":true}]}}