{"id":183,"date":"2008-03-04T22:52:48","date_gmt":"2008-03-04T22:52:48","guid":{"rendered":"http:\/\/stage.petrahall.se\/?p=183"},"modified":"2008-03-05T03:01:44","modified_gmt":"2008-03-05T03:01:44","slug":"li-och-mikael","status":"publish","type":"post","link":"https:\/\/stage.petrahall.se\/index.php\/2008\/03\/04\/li-och-mikael\/","title":{"rendered":"Li och Mikael"},"content":{"rendered":"<p>I l\u00f6rdags, den <strong>1 mars<\/strong>, gifte sig Li och Mikael i Gammelstad. Trots det ruskiga v\u00e4dret, med bl\u00e5st och sn\u00f6, s\u00e5 var det en gl\u00e4djens dag. Li och Mikael \u00e4r ett r\u00e4tt busigt par, som inte bangade f\u00f6r lite sn\u00f6ov\u00e4der. Jag var skeptisk till att Li skulle ut i sn\u00f6n och g\u00e5 i sina finskor, men hon tyckte jag daltade lite f\u00f6r mycket med henne.<\/p>\n<p>Vi b\u00f6rjade fota lite utanf\u00f6r kyrkporten, f\u00f6r att f\u00e5 n\u00e5gra bilder p\u00e5 de s\u00f6ta t\u00e4rnorna (bland annat Li och Mikaels dotter Alva), men vi skyndades oss snabbt inomhus d\u00e5 det var v\u00e4ldigt bl\u00e5sigt och kyligt. Inne i kyrkan tog vi d\u00e4rf\u00f6r resten av portr\u00e4tten tills sj\u00e4lva vigseln startade.<\/p>\n<p>Efter vigseln skickade vi iv\u00e4g g\u00e4sterna och gav oss ut i sn\u00f6ov\u00e4dret f\u00f6r att trotsa all vett och sans och tog n\u00e5gra roliga portr\u00e4ttbilder. Jag m\u00e5ste erk\u00e4nna att jag gn\u00e4llde nog mer \u00f6ver v\u00e4dret \u00e4n vad Li och Mikael gjorde. De pulsade omkring i sn\u00f6drivorna och kylan verkade inte bekomma dem mycket alls. \ud83d\ude42<\/p>\n<p>H\u00e4r kommer ett mycket litet smakprov av bilderna fr\u00e5n l\u00f6rdagen.<\/p>\n<p><img src=\"http:\/\/stage.petrahall.se\/wp-content\/uploads\/2008\/03\/li_mikael_01.jpg\" alt=\"Li och Mikael\" \/><\/p>\n<p><img src=\"http:\/\/stage.petrahall.se\/wp-content\/uploads\/2008\/03\/li_mikael_02.jpg\" alt=\"Li och Mikael\" \/><\/p>\n<p><img src=\"http:\/\/stage.petrahall.se\/wp-content\/uploads\/2008\/03\/li_mikael_03.jpg\" alt=\"Li och Mikael\" \/><\/p>\n<p><img src=\"http:\/\/stage.petrahall.se\/wp-content\/uploads\/2008\/03\/li_mikael_04.jpg\" alt=\"Li och Mikael\" \/><\/p>\n<p><img src=\"http:\/\/stage.petrahall.se\/wp-content\/uploads\/2008\/03\/li_mikael_05.jpg\" alt=\"Li och Mikael\" \/><\/p>\n<p>Ett stort grattis till er b\u00e5da fr\u00e5n oss h\u00e4r i Pite\u00e5!<\/p>\n\t<div class=\"p3-fb-like-btn-wrap\">\n\t\t<iframe src=\"http:\/\/www.facebook.com\/plugins\/like.php?href=https%3A%2F%2Fstage.petrahall.se%2Findex.php%2F2008%2F03%2F04%2Fli-och-mikael%2F&layout=button_count&show_faces=false&action=like&colorscheme=light&width=450&height=35\" scrolling=\"no\" frameborder=\"0\" style=\"border:none; overflow:hidden; width:450px; height:35px;\" allowTransparency=\"true\"><\/iframe>\n\t<\/div>","protected":false},"excerpt":{"rendered":"<p>I l\u00f6rdags, den 1 mars, gifte sig Li och Mikael i Gammelstad. Trots det ruskiga v\u00e4dret, med bl\u00e5st och sn\u00f6, s\u00e5 var det en gl\u00e4djens dag. Li och Mikael \u00e4r ett r\u00e4tt busigt par, som inte bangade f\u00f6r lite sn\u00f6ov\u00e4der. Jag var skeptisk till att Li skulle ut i sn\u00f6n och g\u00e5 i sina finskor, [&hellip;]<\/p>\n","protected":false},"author":1,"featured_media":0,"comment_status":"open","ping_status":"open","sticky":false,"template":"","format":"standard","meta":[],"categories":[3],"tags":[308,10,9,7,8],"_links":{"self":[{"href":"https:\/\/stage.petrahall.se\/index.php\/wp-json\/wp\/v2\/posts\/183"}],"collection":[{"href":"https:\/\/stage.petrahall.se\/index.php\/wp-json\/wp\/v2\/posts"}],"about":[{"href":"https:\/\/stage.petrahall.se\/index.php\/wp-json\/wp\/v2\/types\/post"}],"author":[{"embeddable":true,"href":"https:\/\/stage.petrahall.se\/index.php\/wp-json\/wp\/v2\/users\/1"}],"replies":[{"embeddable":true,"href":"https:\/\/stage.petrahall.se\/index.php\/wp-json\/wp\/v2\/comments?post=183"}],"version-history":[{"count":0,"href":"https:\/\/stage.petrahall.se\/index.php\/wp-json\/wp\/v2\/posts\/183\/revisions"}],"wp:attachment":[{"href":"https:\/\/stage.petrahall.se\/index.php\/wp-json\/wp\/v2\/media?parent=183"}],"wp:term":[{"taxonomy":"category","embeddable":true,"href":"https:\/\/stage.petrahall.se\/index.php\/wp-json\/wp\/v2\/categories?post=183"},{"taxonomy":"post_tag","embeddable":true,"href":"https:\/\/stage.petrahall.se\/index.php\/wp-json\/wp\/v2\/tags?post=183"}],"curies":[{"name":"wp","href":"https:\/\/api.w.org\/{rel}","templated":true}]}}