{"id":175,"date":"2008-02-25T22:34:15","date_gmt":"2008-02-25T22:34:15","guid":{"rendered":"http:\/\/stage.petrahall.se\/?p=175"},"modified":"2008-02-25T22:34:15","modified_gmt":"2008-02-25T22:34:15","slug":"viola-och-vidar","status":"publish","type":"post","link":"https:\/\/stage.petrahall.se\/index.php\/2008\/02\/25\/viola-och-vidar\/","title":{"rendered":"Viola och Vidar"},"content":{"rendered":"<p>Min goda pysselkompis Anna bad mig komma och fota lite bilder p\u00e5 hennes barn. Hon ville framf\u00f6rallt ha en studioliknande bild av sin dotter, att matcha den fina studiobild hon har p\u00e5 sin son n\u00e4r han var i samma \u00e5lder. S\u00e5 idag vid lunchtid d\u00f6k vi upp &#8211; n\u00e4r Viola var utvilad efter sin lilla tupplur.<\/p>\n<p>Efter att jag hade satt upp lite blixtar och dylikt i deras finas vardagsrum blev vi bjuden p\u00e5 en otroligt ljuvlig paj med kassler och \u00e4pplen (rekommenderas!). N\u00e4r lunchen var avklarad s\u00e5 fick barnen byta till lite finkl\u00e4der och vi satte ig\u00e5ng att fota.<\/p>\n<p>Viola var i sitt esse och hon kryper snabbare \u00e4n en sportbil och alltid med ett leende p\u00e5 l\u00e4pparna. Tokigt s\u00f6t liten unge \u00e4r hon! N\u00e4r vi var klar med Viola var det storebror Vidars tur. Han var lite mer sv\u00e5rflirtad, men jag tror jag lyckades f\u00e5nga alla hans olika ansikten p\u00e5 ett r\u00e4ttvist s\u00e4tt.<\/p>\n<p>Jag tog n\u00e5gra ytterligare bilder av familjen (\u00e4ven hunden Dana och mamma och pappa kom med p\u00e5 bild ocks\u00e5) och sedan satte vi oss och fikade en stund. Jag kunde inte l\u00e5ta bli att ha kameran framme och f\u00e5ngade n\u00e5gra bilder n\u00e4r Viola satt och v\u00e4ldigt koncentrerat f\u00f6rs\u00f6kte f\u00e5nga gr\u00f6na \u00e4rtor, majs och andra gr\u00f6nsaker med fingrarna och sedan suga och smaka p\u00e5 allt.<\/p>\n<p>H\u00e4r kommer ett mycket litet urval av de bilder jag tog idag. Det blev m\u00e5\u00e5\u00e5\u00e5nga fler bilder och dem kommer jag s\u00e5 sm\u00e5ningom att fixa s\u00e5 att Anna f\u00e5r scrappa sina sm\u00e5 s\u00f6tnosar!<\/p>\n<p>Tack Anna och Mattias f\u00f6r en mycket trevlig eftermiddag!<\/p>\n<p><img src=\"http:\/\/stage.petrahall.se\/wp-content\/uploads\/2008\/02\/ami_01.jpg\" alt=\"Viola\" \/><\/p>\n<p><img src=\"http:\/\/stage.petrahall.se\/wp-content\/uploads\/2008\/02\/ami_02.jpg\" alt=\"Viola\" \/><\/p>\n<p><img src=\"http:\/\/stage.petrahall.se\/wp-content\/uploads\/2008\/02\/ami_04.jpg\" alt=\"Viola och Vidar\" \/><\/p>\n<p><img src=\"http:\/\/stage.petrahall.se\/wp-content\/uploads\/2008\/02\/ami_05.jpg\" alt=\"Vidar\" \/><\/p>\n<p><img src=\"http:\/\/stage.petrahall.se\/wp-content\/uploads\/2008\/02\/ami_06.jpg\" alt=\"Vidar\" \/><\/p>\n<p><img src=\"http:\/\/stage.petrahall.se\/wp-content\/uploads\/2008\/02\/ami_07.jpg\" alt=\"Viola\" \/><\/p>\n<p><img src=\"http:\/\/stage.petrahall.se\/wp-content\/uploads\/2008\/02\/ami_08.jpg\" alt=\"Viola\" \/><\/p>\n\t<div class=\"p3-fb-like-btn-wrap\">\n\t\t<iframe src=\"http:\/\/www.facebook.com\/plugins\/like.php?href=https%3A%2F%2Fstage.petrahall.se%2Findex.php%2F2008%2F02%2F25%2Fviola-och-vidar%2F&layout=button_count&show_faces=false&action=like&colorscheme=light&width=450&height=35\" scrolling=\"no\" frameborder=\"0\" style=\"border:none; overflow:hidden; width:450px; height:35px;\" allowTransparency=\"true\"><\/iframe>\n\t<\/div>","protected":false},"excerpt":{"rendered":"<p>Min goda pysselkompis Anna bad mig komma och fota lite bilder p\u00e5 hennes barn. Hon ville framf\u00f6rallt ha en studioliknande bild av sin dotter, att matcha den fina studiobild hon har p\u00e5 sin son n\u00e4r han var i samma \u00e5lder. S\u00e5 idag vid lunchtid d\u00f6k vi upp &#8211; n\u00e4r Viola var utvilad efter sin lilla [&hellip;]<\/p>\n","protected":false},"author":1,"featured_media":0,"comment_status":"open","ping_status":"open","sticky":false,"template":"","format":"standard","meta":[],"categories":[6,5],"tags":[12,7,309],"_links":{"self":[{"href":"https:\/\/stage.petrahall.se\/index.php\/wp-json\/wp\/v2\/posts\/175"}],"collection":[{"href":"https:\/\/stage.petrahall.se\/index.php\/wp-json\/wp\/v2\/posts"}],"about":[{"href":"https:\/\/stage.petrahall.se\/index.php\/wp-json\/wp\/v2\/types\/post"}],"author":[{"embeddable":true,"href":"https:\/\/stage.petrahall.se\/index.php\/wp-json\/wp\/v2\/users\/1"}],"replies":[{"embeddable":true,"href":"https:\/\/stage.petrahall.se\/index.php\/wp-json\/wp\/v2\/comments?post=175"}],"version-history":[{"count":0,"href":"https:\/\/stage.petrahall.se\/index.php\/wp-json\/wp\/v2\/posts\/175\/revisions"}],"wp:attachment":[{"href":"https:\/\/stage.petrahall.se\/index.php\/wp-json\/wp\/v2\/media?parent=175"}],"wp:term":[{"taxonomy":"category","embeddable":true,"href":"https:\/\/stage.petrahall.se\/index.php\/wp-json\/wp\/v2\/categories?post=175"},{"taxonomy":"post_tag","embeddable":true,"href":"https:\/\/stage.petrahall.se\/index.php\/wp-json\/wp\/v2\/tags?post=175"}],"curies":[{"name":"wp","href":"https:\/\/api.w.org\/{rel}","templated":true}]}}