{"id":160,"date":"2008-02-10T16:05:55","date_gmt":"2008-02-10T16:05:55","guid":{"rendered":"http:\/\/stage.petrahall.se\/?p=160"},"modified":"2008-02-13T23:53:17","modified_gmt":"2008-02-13T23:53:17","slug":"catarina-dean","status":"publish","type":"post","link":"https:\/\/stage.petrahall.se\/index.php\/2008\/02\/10\/catarina-dean\/","title":{"rendered":"Catarina &#038; Dean"},"content":{"rendered":"<p>Jag hade den stora och roliga \u00e4ran att fota Catarina och Dean n\u00e4r de gifte sig ig\u00e5r, l\u00f6rdagen den <strong>9 februari<\/strong>. Till min hj\u00e4lp fick jag min kollega och mentor Jannis, som fick vara min ljusm\u00e4stare och \u00e4ven den som ansvarade f\u00f6r gruppbilder och dylikt.<\/p>\n<p>Det var en lite gr\u00e5 dag med dis och l\u00e4tt regn, men det hindrade oss inte alls. Vi b\u00f6rjade med att dokumentera lite f\u00f6rberedelser (jag bevakade Catarina och Jannis fotade Dean), sedan gick vi utomhus och tog lite bilder i diset. Sedan begav vi oss in p\u00e5 Stadshotellet d\u00e4r vi ocks\u00e5 tog n\u00e5gra bilder, f\u00f6r att sedan g\u00e5 \u00f6ver gatan f\u00f6r att bevaka vigseln.<\/p>\n<p>Vigseln var j\u00e4ttefin och det var mycket musik och solos\u00e5ng. V\u00e4l ute p\u00e5 kyrktrappan blev det riskastning och lite s\u00e5pbubblor. Sedan satte sig brudparet i en h\u00e4stdroska och \u00e5kte ut mot Furuborg d\u00e4r vi ocks\u00e5 bevakade lite mingel och fotade n\u00e5gra detaljer.<\/p>\n<p>Jag bjuder h\u00e4r p\u00e5 ett litet smakprov av dagen. Det finns m\u00e5nga m\u00e5nga fler bilder att g\u00e5 igenom, s\u00e5 det tar en liten stund. Men f\u00f6r ot\u00e5liga och nyfikna finns det lite godbitar att njuta av tills vidare.<\/p>\n<p>Tack Catarina och Dean f\u00f6r denna dag och grattis fr\u00e5n oss!<\/p>\n<p><img src=\"http:\/\/stage.petrahall.se\/wp-content\/uploads\/2008\/02\/catarina_dean_01.jpg\" alt=\"Catarina hos frissan\" \/><\/p>\n<p><img src=\"http:\/\/stage.petrahall.se\/wp-content\/uploads\/2008\/02\/catarina_dean_02.jpg\" alt=\"Catarina hos frissan\" \/><\/p>\n<p><img src=\"http:\/\/stage.petrahall.se\/wp-content\/uploads\/2008\/02\/catarina_dean_03.jpg\" alt=\"Catarina blir fin\" \/><\/p>\n<p><img src=\"http:\/\/stage.petrahall.se\/wp-content\/uploads\/2008\/02\/catarina_dean_04.jpg\" alt=\"Bukett och skor\" \/><\/p>\n<p><img src=\"http:\/\/stage.petrahall.se\/wp-content\/uploads\/2008\/02\/catarina_dean_05.jpg\" alt=\"Ringarna\" \/><\/p>\n<p><img src=\"http:\/\/stage.petrahall.se\/wp-content\/uploads\/2008\/02\/catarina_dean_06.jpg\" alt=\"Catarina och Dean\" \/><\/p>\n<p><img src=\"http:\/\/stage.petrahall.se\/wp-content\/uploads\/2008\/02\/catarina_dean_07.jpg\" alt=\"Catarina och Dean\" \/><\/p>\n<p><img src=\"http:\/\/stage.petrahall.se\/wp-content\/uploads\/2008\/02\/catarina_dean_08.jpg\" alt=\"Mys i foaj\u00e9n\" \/><\/p>\n<p><img src=\"http:\/\/stage.petrahall.se\/wp-content\/uploads\/2008\/02\/catarina_dean_09.jpg\" alt=\"St\u00e5tliga i trappan\" \/><\/p>\n<p><img src=\"http:\/\/stage.petrahall.se\/wp-content\/uploads\/2008\/02\/catarina_dean_10.jpg\" alt=\"Ringv\u00e4xling\" \/><\/p>\n<p><img src=\"http:\/\/stage.petrahall.se\/wp-content\/uploads\/2008\/02\/catarina_dean_11.jpg\" alt=\"Risregn\" \/><\/p>\n<p><img src=\"http:\/\/stage.petrahall.se\/wp-content\/uploads\/2008\/02\/catarina_dean_12.jpg\" alt=\"H\u00e4stdroska\" \/><\/p>\n<p><img src=\"http:\/\/stage.petrahall.se\/wp-content\/uploads\/2008\/02\/catarina_dean_13.jpg\" alt=\"Detaljer fr\u00e5n festen\" \/><\/p>\n<p><img src=\"http:\/\/stage.petrahall.se\/wp-content\/uploads\/2008\/02\/catarina_dean_14.jpg\" alt=\"Catarina och Dean\" \/><\/p>\n\t<div class=\"p3-fb-like-btn-wrap\">\n\t\t<iframe src=\"http:\/\/www.facebook.com\/plugins\/like.php?href=https%3A%2F%2Fstage.petrahall.se%2Findex.php%2F2008%2F02%2F10%2Fcatarina-dean%2F&layout=button_count&show_faces=false&action=like&colorscheme=light&width=450&height=35\" scrolling=\"no\" frameborder=\"0\" style=\"border:none; overflow:hidden; width:450px; height:35px;\" allowTransparency=\"true\"><\/iframe>\n\t<\/div>","protected":false},"excerpt":{"rendered":"<p>Jag hade den stora och roliga \u00e4ran att fota Catarina och Dean n\u00e4r de gifte sig ig\u00e5r, l\u00f6rdagen den 9 februari. Till min hj\u00e4lp fick jag min kollega och mentor Jannis, som fick vara min ljusm\u00e4stare och \u00e4ven den som ansvarade f\u00f6r gruppbilder och dylikt. Det var en lite gr\u00e5 dag med dis och l\u00e4tt [&hellip;]<\/p>\n","protected":false},"author":1,"featured_media":0,"comment_status":"open","ping_status":"open","sticky":false,"template":"","format":"standard","meta":[],"categories":[3],"tags":[308,10,9,7,8],"_links":{"self":[{"href":"https:\/\/stage.petrahall.se\/index.php\/wp-json\/wp\/v2\/posts\/160"}],"collection":[{"href":"https:\/\/stage.petrahall.se\/index.php\/wp-json\/wp\/v2\/posts"}],"about":[{"href":"https:\/\/stage.petrahall.se\/index.php\/wp-json\/wp\/v2\/types\/post"}],"author":[{"embeddable":true,"href":"https:\/\/stage.petrahall.se\/index.php\/wp-json\/wp\/v2\/users\/1"}],"replies":[{"embeddable":true,"href":"https:\/\/stage.petrahall.se\/index.php\/wp-json\/wp\/v2\/comments?post=160"}],"version-history":[{"count":0,"href":"https:\/\/stage.petrahall.se\/index.php\/wp-json\/wp\/v2\/posts\/160\/revisions"}],"wp:attachment":[{"href":"https:\/\/stage.petrahall.se\/index.php\/wp-json\/wp\/v2\/media?parent=160"}],"wp:term":[{"taxonomy":"category","embeddable":true,"href":"https:\/\/stage.petrahall.se\/index.php\/wp-json\/wp\/v2\/categories?post=160"},{"taxonomy":"post_tag","embeddable":true,"href":"https:\/\/stage.petrahall.se\/index.php\/wp-json\/wp\/v2\/tags?post=160"}],"curies":[{"name":"wp","href":"https:\/\/api.w.org\/{rel}","templated":true}]}}