{"id":151,"date":"2008-01-09T15:53:45","date_gmt":"2008-01-09T15:53:45","guid":{"rendered":"http:\/\/stage.petrahall.se\/?p=151"},"modified":"2008-01-09T15:54:45","modified_gmt":"2008-01-09T15:54:45","slug":"jag-kanner-mig-hemlos","status":"publish","type":"post","link":"https:\/\/stage.petrahall.se\/index.php\/2008\/01\/09\/jag-kanner-mig-hemlos\/","title":{"rendered":"Jag k\u00e4nner mig heml\u00f6s!"},"content":{"rendered":"<p>Ja, det k\u00e4nns j\u00e4ttekonstigt att inte ha en hemsida och jag vet inte hur l\u00e4nge det dr\u00f6jer heller. Jag har i \u00f6ver en veckas tid f\u00f6rs\u00f6kt f\u00e5 kontakt med f\u00f6retaget som jag har betalat f\u00f6r att fixa hemsidan. S\u00e5 nu \u00e4r det bara en trist skylt d\u00e4r det st\u00e5r att jag bygger om.\u00a0Men f\u00f6rhoppningsvis kommer det att vara v\u00e4rt v\u00e4ntan. Bara den inte blir f\u00f6r l\u00e4nge!\u00a0<\/p>\n<p>Under tiden ska jag f\u00f6rs\u00f6ka h\u00e5lla bloggen aktuell, s\u00e5 ni vet hur det g\u00e5r. Jag lever allts\u00e5, men \u00e4r bara lite heml\u00f6s.\u00a0\u00a0<\/p>\n<p>Ni som vill kontakta mig kan g\u00f6ra det genom min mailadress\u00a0<a href=\"mailto:info@petrahall.se\" title=\"Maila mig!\">info@petrahall.se<\/a>\u00a0s\u00e5 ska jag f\u00f6rs\u00f6ka svara s\u00e5 snart som m\u00f6jligt.\u00a0D\u00e5 kan vi komma \u00f6verrens om att tr\u00e4ffas om ni vill titta p\u00e5 min portfolio (den som senare kommer att komma upp p\u00e5 hemsidan allts\u00e5).<\/p>\n\t<div class=\"p3-fb-like-btn-wrap\">\n\t\t<iframe src=\"http:\/\/www.facebook.com\/plugins\/like.php?href=https%3A%2F%2Fstage.petrahall.se%2Findex.php%2F2008%2F01%2F09%2Fjag-kanner-mig-hemlos%2F&layout=button_count&show_faces=false&action=like&colorscheme=light&width=450&height=35\" scrolling=\"no\" frameborder=\"0\" style=\"border:none; overflow:hidden; width:450px; height:35px;\" allowTransparency=\"true\"><\/iframe>\n\t<\/div>","protected":false},"excerpt":{"rendered":"<p>Ja, det k\u00e4nns j\u00e4ttekonstigt att inte ha en hemsida och jag vet inte hur l\u00e4nge det dr\u00f6jer heller. Jag har i \u00f6ver en veckas tid f\u00f6rs\u00f6kt f\u00e5 kontakt med f\u00f6retaget som jag har betalat f\u00f6r att fixa hemsidan. S\u00e5 nu \u00e4r det bara en trist skylt d\u00e4r det st\u00e5r att jag bygger om.\u00a0Men f\u00f6rhoppningsvis kommer [&hellip;]<\/p>\n","protected":false},"author":1,"featured_media":0,"comment_status":"open","ping_status":"open","sticky":false,"template":"","format":"standard","meta":[],"categories":[6],"tags":[],"_links":{"self":[{"href":"https:\/\/stage.petrahall.se\/index.php\/wp-json\/wp\/v2\/posts\/151"}],"collection":[{"href":"https:\/\/stage.petrahall.se\/index.php\/wp-json\/wp\/v2\/posts"}],"about":[{"href":"https:\/\/stage.petrahall.se\/index.php\/wp-json\/wp\/v2\/types\/post"}],"author":[{"embeddable":true,"href":"https:\/\/stage.petrahall.se\/index.php\/wp-json\/wp\/v2\/users\/1"}],"replies":[{"embeddable":true,"href":"https:\/\/stage.petrahall.se\/index.php\/wp-json\/wp\/v2\/comments?post=151"}],"version-history":[{"count":0,"href":"https:\/\/stage.petrahall.se\/index.php\/wp-json\/wp\/v2\/posts\/151\/revisions"}],"wp:attachment":[{"href":"https:\/\/stage.petrahall.se\/index.php\/wp-json\/wp\/v2\/media?parent=151"}],"wp:term":[{"taxonomy":"category","embeddable":true,"href":"https:\/\/stage.petrahall.se\/index.php\/wp-json\/wp\/v2\/categories?post=151"},{"taxonomy":"post_tag","embeddable":true,"href":"https:\/\/stage.petrahall.se\/index.php\/wp-json\/wp\/v2\/tags?post=151"}],"curies":[{"name":"wp","href":"https:\/\/api.w.org\/{rel}","templated":true}]}}