{"id":146,"date":"2008-01-06T03:14:55","date_gmt":"2008-01-06T03:14:55","guid":{"rendered":"http:\/\/stage.petrahall.se\/?p=146"},"modified":"2008-02-13T23:54:12","modified_gmt":"2008-02-13T23:54:12","slug":"asa-tomas-5-januari","status":"publish","type":"post","link":"https:\/\/stage.petrahall.se\/index.php\/2008\/01\/06\/asa-tomas-5-januari\/","title":{"rendered":"\u00c5sa &#038; Tomas &#8211; 5 januari"},"content":{"rendered":"<p>L\u00f6rdag den 5 januari gifte sig \u00c5sa och Tomas i Pite\u00e5 stadskyrka. Vi fotade portr\u00e4tt utomhus i vinterkylan. Det var kring -10\u00b0C kallt och solen h\u00f6ll p\u00e5 att g\u00e5 ner, s\u00e5 det var relativt m\u00f6rkt f\u00f6r att vara mitt p\u00e5 dagen (solen gick ner 13.15!). Trots kylan s\u00e5 var \u00c5sa och Tomas modiga som accepterade mina sm\u00e5 p\u00e5hitt.<\/p>\n<p>Innan vi gav upp i kylan fick Tomas fina hund ocks\u00e5 vara med p\u00e5 bild. Hon gillade inte kylan speciellt mycket heller, s\u00e5 vi alla begav oss av mot v\u00e4rmen s\u00e5 snart vi kunde. Vi tog n\u00e5gra bilder i kyrkan ocks\u00e5, innan br\u00f6llopsg\u00e4sterna kom. Sedan gick vigseln av stapeln utan n\u00e5gra som helst mankemang. Det var tv\u00e5 mycket glada \u00e4kta makar som blev \u00f6ver\u00f6st av s\u00e5 mycket risgryn p\u00e5 kyrktrappan att det s\u00e5g ut som det sn\u00f6ade!<\/p>\n<p><img src=\"http:\/\/stage.petrahall.se\/wp-content\/uploads\/2008\/01\/asatomas1.jpg\" alt=\"\u00c5sa och Tomas\" \/><\/p>\n<p><img src=\"http:\/\/stage.petrahall.se\/wp-content\/uploads\/2008\/01\/asatomas2.jpg\" alt=\"\u00c5sa och Tomas\" \/><\/p>\n<p><img src=\"http:\/\/stage.petrahall.se\/wp-content\/uploads\/2008\/01\/asatomas3.jpg\" alt=\"\u00c5sa och Tomas\" \/><\/p>\n<p><img src=\"http:\/\/stage.petrahall.se\/wp-content\/uploads\/2008\/01\/asatomas4.jpg\" alt=\"asatomas4.jpg\" \/><\/p>\n\t<div class=\"p3-fb-like-btn-wrap\">\n\t\t<iframe src=\"http:\/\/www.facebook.com\/plugins\/like.php?href=https%3A%2F%2Fstage.petrahall.se%2Findex.php%2F2008%2F01%2F06%2Fasa-tomas-5-januari%2F&layout=button_count&show_faces=false&action=like&colorscheme=light&width=450&height=35\" scrolling=\"no\" frameborder=\"0\" style=\"border:none; overflow:hidden; width:450px; height:35px;\" allowTransparency=\"true\"><\/iframe>\n\t<\/div>","protected":false},"excerpt":{"rendered":"<p>L\u00f6rdag den 5 januari gifte sig \u00c5sa och Tomas i Pite\u00e5 stadskyrka. Vi fotade portr\u00e4tt utomhus i vinterkylan. Det var kring -10\u00b0C kallt och solen h\u00f6ll p\u00e5 att g\u00e5 ner, s\u00e5 det var relativt m\u00f6rkt f\u00f6r att vara mitt p\u00e5 dagen (solen gick ner 13.15!). Trots kylan s\u00e5 var \u00c5sa och Tomas modiga som accepterade [&hellip;]<\/p>\n","protected":false},"author":1,"featured_media":0,"comment_status":"open","ping_status":"open","sticky":false,"template":"","format":"standard","meta":[],"categories":[3],"tags":[308,10,9,7,8],"_links":{"self":[{"href":"https:\/\/stage.petrahall.se\/index.php\/wp-json\/wp\/v2\/posts\/146"}],"collection":[{"href":"https:\/\/stage.petrahall.se\/index.php\/wp-json\/wp\/v2\/posts"}],"about":[{"href":"https:\/\/stage.petrahall.se\/index.php\/wp-json\/wp\/v2\/types\/post"}],"author":[{"embeddable":true,"href":"https:\/\/stage.petrahall.se\/index.php\/wp-json\/wp\/v2\/users\/1"}],"replies":[{"embeddable":true,"href":"https:\/\/stage.petrahall.se\/index.php\/wp-json\/wp\/v2\/comments?post=146"}],"version-history":[{"count":0,"href":"https:\/\/stage.petrahall.se\/index.php\/wp-json\/wp\/v2\/posts\/146\/revisions"}],"wp:attachment":[{"href":"https:\/\/stage.petrahall.se\/index.php\/wp-json\/wp\/v2\/media?parent=146"}],"wp:term":[{"taxonomy":"category","embeddable":true,"href":"https:\/\/stage.petrahall.se\/index.php\/wp-json\/wp\/v2\/categories?post=146"},{"taxonomy":"post_tag","embeddable":true,"href":"https:\/\/stage.petrahall.se\/index.php\/wp-json\/wp\/v2\/tags?post=146"}],"curies":[{"name":"wp","href":"https:\/\/api.w.org\/{rel}","templated":true}]}}