{"id":1328,"date":"2010-05-13T05:24:29","date_gmt":"2010-05-13T03:24:29","guid":{"rendered":"http:\/\/stage.petrahall.se\/?p=1328"},"modified":"2010-05-13T05:24:29","modified_gmt":"2010-05-13T03:24:29","slug":"vad-ar-digitala-negativ","status":"publish","type":"post","link":"https:\/\/stage.petrahall.se\/index.php\/2010\/05\/13\/vad-ar-digitala-negativ\/","title":{"rendered":"Vad \u00e4r digitala negativ?"},"content":{"rendered":"<p>Ibland f\u00e5r jag den fr\u00e5gan, och egentligen finns det inga digitala negativ, d\u00e5 bilderna man f\u00e5r ur en digitalkamera \u00e4r positiva, och inte negativa. S\u00e5 n\u00e4r n\u00e5gon fr\u00e5gar om de f\u00e5r k\u00f6pa de digitala negativen, s\u00e5 \u00e4r det egentligen de digitala filerna i h\u00f6guppl\u00f6st format de vill ha.<\/p>\n<p>Men direkt ur kameran ser inte bilderna speciellt bra ut, d\u00e5 kameran registerar bilden r\u00e4tt neutralt. D\u00e4rf\u00f6r m\u00e5ste man alltid justera bilderna innan man kan visa upp dem, och alla kan heller inte s\u00e5 mycket om digitalfotografi f\u00f6r att g\u00f6ra detta sj\u00e4lv, s\u00e5 vad jag s\u00e4ljer \u00e4r inte bilder direkt ur kameran, utan alla bilder jag sl\u00e4pper ifr\u00e5n mig har jag redigerat s\u00e5 att de \u00e4r acceptabla att titta p\u00e5.<\/p>\n<p>Precis som om du l\u00e4mnar in en filmrulle f\u00f6r framkallning och f\u00f6rstoringar (f\u00f6r er som kommer ih\u00e5g att fotografi en g\u00e5ng var analogt) s\u00e5 fixar labbet till dina papperskopior s\u00e5 att de ser bra ut. Om de inte skulle g\u00f6ra det s\u00e5 skulle det bli r\u00e4tt trista bilder. De f\u00f6rb\u00e4ttrar med andra ord f\u00e4rger och exponering ocks\u00e5.<\/p>\n<p>N\u00e4r jag s\u00e4ljer de h\u00f6guppl\u00f6sta bilderna, s\u00e5 fixar jag d\u00e4rf\u00f6r till bilderna som om jag vore ett fotolabb. Dvs jag korrigerar f\u00e4rger och exponering till en bra baskorrigering. Det \u00e4r vad du betalar f\u00f6r. N\u00e4r mina kunder best\u00e4ller f\u00f6rstoringar, eller en fotobok, s\u00e5 bearbetar jag bilderna i ytterligare ett steg, f\u00f6r att f\u00e5 dem perfekta f\u00f6r f\u00f6rstoringarna eller f\u00f6r fotoboken. De f\u00e5r det d\u00e4r lilla extra helt enkelt och blir beskurna, retuscherade, osv.<\/p>\n<p>F\u00f6r att illustrera lite p\u00e5 skillnaderna har jag h\u00e4r tagit fram tre bilder (lite p\u00e5 m\u00e5f\u00e5 bara), f\u00f6r att visa skillnaderna mellan bilden direkt ur kameran, n\u00e4r jag har korrigerat f\u00e4rg och exponering och n\u00e4r bilden har f\u00e5tt en mer artistisk redigering, s\u00e5 att ni f\u00f6rst\u00e5r skillnaden.<\/p>\n<p>Kunder som best\u00e4ller f\u00f6rstoringar och\/eller en fotobok f\u00e5r de artistiskt korrigerade bilderna ocks\u00e5, som en extra liten bonus, om de k\u00f6per de h\u00f6guppl\u00f6sta bilderna.<\/p>\n<p><img loading=\"lazy\" class=\"p3-insert-all size-full aligncenter\" src=\"http:\/\/stage.petrahall.se\/wp-content\/uploads\/2010\/05\/Aristkorrigering_03.jpg\" alt=\"\" width=\"902\" height=\"450\" \/><img loading=\"lazy\" class=\"p3-insert-all size-full aligncenter\" src=\"http:\/\/stage.petrahall.se\/wp-content\/uploads\/2010\/05\/Aristkorrigering_02.jpg\" alt=\"\" width=\"902\" height=\"450\" \/><img loading=\"lazy\" class=\"p3-insert-all size-full aligncenter\" src=\"http:\/\/stage.petrahall.se\/wp-content\/uploads\/2010\/05\/Aristkorrigering_01.jpg\" alt=\"\" width=\"902\" height=\"602\" \/><\/p>\n\t<div class=\"p3-fb-like-btn-wrap\">\n\t\t<iframe src=\"http:\/\/www.facebook.com\/plugins\/like.php?href=https%3A%2F%2Fstage.petrahall.se%2Findex.php%2F2010%2F05%2F13%2Fvad-ar-digitala-negativ%2F&layout=button_count&show_faces=false&action=like&colorscheme=light&width=450&height=35\" scrolling=\"no\" frameborder=\"0\" style=\"border:none; overflow:hidden; width:450px; height:35px;\" allowTransparency=\"true\"><\/iframe>\n\t<\/div>","protected":false},"excerpt":{"rendered":"<p>Ibland f\u00e5r jag den fr\u00e5gan, och egentligen finns det inga digitala negativ, d\u00e5 bilderna man f\u00e5r ur en digitalkamera \u00e4r positiva, och inte negativa. S\u00e5 n\u00e4r n\u00e5gon fr\u00e5gar om de f\u00e5r k\u00f6pa de digitala negativen, s\u00e5 \u00e4r det egentligen de digitala filerna i h\u00f6guppl\u00f6st format de vill ha. Men direkt ur kameran ser inte bilderna [&hellip;]<\/p>\n","protected":false},"author":1,"featured_media":0,"comment_status":"open","ping_status":"open","sticky":false,"template":"","format":"standard","meta":[],"categories":[6,4],"tags":[24,308,208,11,103,209],"_links":{"self":[{"href":"https:\/\/stage.petrahall.se\/index.php\/wp-json\/wp\/v2\/posts\/1328"}],"collection":[{"href":"https:\/\/stage.petrahall.se\/index.php\/wp-json\/wp\/v2\/posts"}],"about":[{"href":"https:\/\/stage.petrahall.se\/index.php\/wp-json\/wp\/v2\/types\/post"}],"author":[{"embeddable":true,"href":"https:\/\/stage.petrahall.se\/index.php\/wp-json\/wp\/v2\/users\/1"}],"replies":[{"embeddable":true,"href":"https:\/\/stage.petrahall.se\/index.php\/wp-json\/wp\/v2\/comments?post=1328"}],"version-history":[{"count":9,"href":"https:\/\/stage.petrahall.se\/index.php\/wp-json\/wp\/v2\/posts\/1328\/revisions"}],"predecessor-version":[{"id":1340,"href":"https:\/\/stage.petrahall.se\/index.php\/wp-json\/wp\/v2\/posts\/1328\/revisions\/1340"}],"wp:attachment":[{"href":"https:\/\/stage.petrahall.se\/index.php\/wp-json\/wp\/v2\/media?parent=1328"}],"wp:term":[{"taxonomy":"category","embeddable":true,"href":"https:\/\/stage.petrahall.se\/index.php\/wp-json\/wp\/v2\/categories?post=1328"},{"taxonomy":"post_tag","embeddable":true,"href":"https:\/\/stage.petrahall.se\/index.php\/wp-json\/wp\/v2\/tags?post=1328"}],"curies":[{"name":"wp","href":"https:\/\/api.w.org\/{rel}","templated":true}]}}