{"id":1066,"date":"2009-10-30T14:08:21","date_gmt":"2009-10-30T13:08:21","guid":{"rendered":"http:\/\/stage.petrahall.se\/?p=1066"},"modified":"2009-10-30T14:08:21","modified_gmt":"2009-10-30T13:08:21","slug":"en-lacker-fodelsedagspresent","status":"publish","type":"post","link":"https:\/\/stage.petrahall.se\/index.php\/2009\/10\/30\/en-lacker-fodelsedagspresent\/","title":{"rendered":"En l\u00e4cker f\u00f6delsedagspresent!"},"content":{"rendered":"<p>Jag erk\u00e4nner direkt. Jag \u00e4r vansinnigt bortsk\u00e4md och jag \u00e4lskar f\u00f6delsedagar!\u00a0Trots att jag har m\u00e5nga kameror och objektiv, s\u00e5 kan jag k\u00e4nna ibland att jag saknar den d\u00e4r spontana tiden n\u00e4r jag fotade bara med digitala kompaktkameror. Det \u00e4r l\u00e4ttare att stoppa en kamera i fickan n\u00e4r man g\u00e5r ut, \u00e4n att v\u00e4lja ut ett passande objektiv till en av systemkamerorna och sedan vara lite aktsam om den, s\u00e5 att inget kommer till skada.<\/p>\n<p>Min f\u00e4stman och min mamma ledsnade v\u00e4l troligen p\u00e5 mitt prat om att det vore trevligt med en mindre kamera OCKS\u00c5. S\u00e5 de \u00f6verraskade mig med Canons senaste PowerShot G11 p\u00e5 min f\u00f6delsedag (dvs idag), och det \u00e4r en kamera som jag bara hade kunnat \u00f6nska at f\u00e5 \u00e4ga. Men nu \u00e4r den min!<\/p>\n<p>Som extra bonus k\u00f6pte Erkki en l\u00e4cker l\u00e4derv\u00e4ska till kameran ocks\u00e5. V\u00e4rsta retrok\u00e4nslan f\u00e5r jag. Den \u00e4r s\u00e5\u00e5\u00e5\u00e5\u00e5 l\u00e4cker! \ud83d\ude00<\/p>\n<p>Tack mamma och Erkki! Jag \u00e4lskar er!!<\/p>\n<p>Tja, s\u00e5 m\u00e5ste jag ju visa upp underverket. Med och utan v\u00e4ska, och slutligen n\u00e5gra bilder tagna med den nya fina kameran. Fint va?!<\/p>\n<p><img loading=\"lazy\" class=\"alignnone size-full wp-image-1067\" title=\"G11_01\" src=\"http:\/\/stage.petrahall.se\/wp-content\/uploads\/2009\/10\/G11_01.jpg\" alt=\"G11_01\" width=\"900\" height=\"600\" srcset=\"https:\/\/stage.petrahall.se\/wp-content\/uploads\/2009\/10\/G11_01.jpg 900w, https:\/\/stage.petrahall.se\/wp-content\/uploads\/2009\/10\/G11_01-300x200.jpg 300w\" sizes=\"(max-width: 900px) 100vw, 900px\" \/><img loading=\"lazy\" class=\"alignnone size-full wp-image-1068\" title=\"G11_02\" src=\"http:\/\/stage.petrahall.se\/wp-content\/uploads\/2009\/10\/G11_02.jpg\" alt=\"G11_02\" width=\"900\" height=\"600\" srcset=\"https:\/\/stage.petrahall.se\/wp-content\/uploads\/2009\/10\/G11_02.jpg 900w, https:\/\/stage.petrahall.se\/wp-content\/uploads\/2009\/10\/G11_02-300x200.jpg 300w\" sizes=\"(max-width: 900px) 100vw, 900px\" \/><img loading=\"lazy\" class=\"alignnone size-full wp-image-1070\" title=\"G11_04\" src=\"http:\/\/stage.petrahall.se\/wp-content\/uploads\/2009\/10\/G11_04.jpg\" alt=\"G11_04\" width=\"900\" height=\"600\" srcset=\"https:\/\/stage.petrahall.se\/wp-content\/uploads\/2009\/10\/G11_04.jpg 900w, https:\/\/stage.petrahall.se\/wp-content\/uploads\/2009\/10\/G11_04-300x200.jpg 300w\" sizes=\"(max-width: 900px) 100vw, 900px\" \/><img loading=\"lazy\" class=\"alignnone size-full wp-image-1069\" title=\"G11_03\" src=\"http:\/\/stage.petrahall.se\/wp-content\/uploads\/2009\/10\/G11_03.jpg\" alt=\"G11_03\" width=\"900\" height=\"675\" srcset=\"https:\/\/stage.petrahall.se\/wp-content\/uploads\/2009\/10\/G11_03.jpg 900w, https:\/\/stage.petrahall.se\/wp-content\/uploads\/2009\/10\/G11_03-300x225.jpg 300w\" sizes=\"(max-width: 900px) 100vw, 900px\" \/><\/p>\n<p>Ja visst, man m\u00e5ste ju visa upp sig ocks\u00e5, f\u00f6delsedagsbarnet som \u00e4r som ett barn p\u00e5 julafton&#8230;. eller v\u00e4nta nu, man F\u00c5R faktiskt vara glad p\u00e5 sin f\u00f6delsedag! \ud83d\ude00<\/p>\n\t<div class=\"p3-fb-like-btn-wrap\">\n\t\t<iframe src=\"http:\/\/www.facebook.com\/plugins\/like.php?href=https%3A%2F%2Fstage.petrahall.se%2Findex.php%2F2009%2F10%2F30%2Fen-lacker-fodelsedagspresent%2F&layout=button_count&show_faces=false&action=like&colorscheme=light&width=450&height=35\" scrolling=\"no\" frameborder=\"0\" style=\"border:none; overflow:hidden; width:450px; height:35px;\" allowTransparency=\"true\"><\/iframe>\n\t<\/div>","protected":false},"excerpt":{"rendered":"<p>Jag erk\u00e4nner direkt. Jag \u00e4r vansinnigt bortsk\u00e4md och jag \u00e4lskar f\u00f6delsedagar!\u00a0Trots att jag har m\u00e5nga kameror och objektiv, s\u00e5 kan jag k\u00e4nna ibland att jag saknar den d\u00e4r spontana tiden n\u00e4r jag fotade bara med digitala kompaktkameror. Det \u00e4r l\u00e4ttare att stoppa en kamera i fickan n\u00e4r man g\u00e5r ut, \u00e4n att v\u00e4lja ut ett [&hellip;]<\/p>\n","protected":false},"author":1,"featured_media":0,"comment_status":"open","ping_status":"open","sticky":false,"template":"","format":"standard","meta":[],"categories":[4],"tags":[170,171,169,158],"_links":{"self":[{"href":"https:\/\/stage.petrahall.se\/index.php\/wp-json\/wp\/v2\/posts\/1066"}],"collection":[{"href":"https:\/\/stage.petrahall.se\/index.php\/wp-json\/wp\/v2\/posts"}],"about":[{"href":"https:\/\/stage.petrahall.se\/index.php\/wp-json\/wp\/v2\/types\/post"}],"author":[{"embeddable":true,"href":"https:\/\/stage.petrahall.se\/index.php\/wp-json\/wp\/v2\/users\/1"}],"replies":[{"embeddable":true,"href":"https:\/\/stage.petrahall.se\/index.php\/wp-json\/wp\/v2\/comments?post=1066"}],"version-history":[{"count":5,"href":"https:\/\/stage.petrahall.se\/index.php\/wp-json\/wp\/v2\/posts\/1066\/revisions"}],"predecessor-version":[{"id":1075,"href":"https:\/\/stage.petrahall.se\/index.php\/wp-json\/wp\/v2\/posts\/1066\/revisions\/1075"}],"wp:attachment":[{"href":"https:\/\/stage.petrahall.se\/index.php\/wp-json\/wp\/v2\/media?parent=1066"}],"wp:term":[{"taxonomy":"category","embeddable":true,"href":"https:\/\/stage.petrahall.se\/index.php\/wp-json\/wp\/v2\/categories?post=1066"},{"taxonomy":"post_tag","embeddable":true,"href":"https:\/\/stage.petrahall.se\/index.php\/wp-json\/wp\/v2\/tags?post=1066"}],"curies":[{"name":"wp","href":"https:\/\/api.w.org\/{rel}","templated":true}]}}