{"id":1045,"date":"2009-10-07T17:18:18","date_gmt":"2009-10-07T16:18:18","guid":{"rendered":"http:\/\/stage.petrahall.se\/?p=1045"},"modified":"2009-10-07T17:22:26","modified_gmt":"2009-10-07T16:22:26","slug":"nyheter-infor-2010","status":"publish","type":"post","link":"https:\/\/stage.petrahall.se\/index.php\/2009\/10\/07\/nyheter-infor-2010\/","title":{"rendered":"Nyheter inf\u00f6r 2010"},"content":{"rendered":"<p>Det b\u00f6rjar n\u00e4rma sig tid att planera inf\u00f6r s\u00e4songen 2010 och jag har ett par nyheter att ber\u00e4tta. Kanske inte v\u00e4rldsomv\u00e4lvande nyheter, men intressanta \u00e4nd\u00e5! \ud83d\ude00<\/p>\n<p>Den viktigaste nyheten f\u00f6r dig som planerar br\u00f6llop \u00e4r att jag <strong><em>inte<\/em><\/strong> kommer att h\u00f6ja mina priser inf\u00f6r 2010. Jag har hitta en niv\u00e5 som nu fungerar bra f\u00f6r mig och n\u00e5gon h\u00f6jning f\u00f6r 2010 ser jag inte gagnar mig eller mina kunder. S\u00e5 jag kommer bara att byta \u00e5rtal p\u00e5 min prislista inf\u00f6r n\u00e4sta \u00e5r, och laddar du ner den aktuella prislistan nu, s\u00e5 blir det inga f\u00f6r\u00e4ndringar eller \u00f6verraskningar. En uppdaterad prislista (med nedanst\u00e5ende nyhet) kommer under h\u00f6sten\/vintern.<\/p>\n<p>En mindre nyhet, men ack s\u00e5 rolig \u00e4r att jag ist\u00e4llet f\u00f6r att skicka en CD eller DVD med h\u00f6guppl\u00f6sta bilder till mina guldkunder, eller kunder som k\u00f6per h\u00f6guppl\u00f6sta bilder som komplement till sina paket (brons och silver) nu kommer att f\u00e5 bilderna p\u00e5 en supersnygg USB-sticka. Eller vad man ska kalla det, f\u00f6r den \u00e4r inte riktigt som alla andra &#8220;stickor&#8221;? Jag \u00e4lskar den och jag hoppas att detta kommer att locka till att fler vill ha sina minnen p\u00e5 detta hj\u00e4rtliga minne (usch vilket d\u00e5ligt sk\u00e4mt!) \ud83d\ude00<\/p>\n<p>Brudpar som fotats f\u00f6re 2008 \u00e5rs s\u00e4song f\u00e5r f\u00f6rresten f\u00e5r en sjysst rabatt p\u00e5 sina h\u00f6guppl\u00f6sta bilder nu, om ni vill k\u00f6pa loss era digitala bilder och ocks\u00e5 f\u00e5 denna s\u00f6ta USB-sticka. Kontakta mig f\u00f6r ert pris, ni kommer inte att bli ledsna! Ska f\u00f6rs\u00f6ka skicka ett mailutskick till mina brudpar 2005-2007 innan \u00e5rets utg\u00e5ng, om jag hinner och har aktuella adresser. Har ni inte f\u00e5tt n\u00e5got mail f\u00f6re ny\u00e5r, s\u00e5 kontakta mig!<\/p>\n<p>Sedan vill jag f\u00f6rst\u00e5s p\u00e5minna om att den <strong>10\/10 -09<\/strong> s\u00e5 avslutas t\u00e4vlingen f\u00f6r att vinna en kraftigt rabatterad lifestyle fotosession. S\u00e5 har du inte skickat in ditt bidrag \u00e4nnu \u00e4r det h\u00f6g tid. <a title=\"T\u00e4vlingen 09-09-09\" href=\"http:\/\/stage.petrahall.se\/index.php\/2009\/09\/09\/tavlingen-09-09-09\/\" target=\"_blank\">L\u00e4s mer om t\u00e4vlingen h\u00e4r<\/a>. Gl\u00f6m inte att l\u00e4sa p\u00e5 reglerna och sn\u00e4lla, skicka in massor med bidrag nu!! \ud83d\ude09<\/p>\n<p>Nedan en bild p\u00e5 mina USB-hj\u00e4rtan som numera kommer att vara &#8220;v\u00e4rd&#8221; f\u00f6r de h\u00f6guppl\u00f6sta bilder som finns att k\u00f6pa eller ing\u00e5r i guldpaketet. \u00c4r de inte s\u00f6ta, s\u00e5 s\u00e4g?!!<\/p>\n<p><img loading=\"lazy\" class=\"alignnone size-full wp-image-1046\" title=\"USB-Heart\" src=\"http:\/\/stage.petrahall.se\/wp-content\/uploads\/2009\/10\/USB-Heart.jpg\" alt=\"USB-Heart\" width=\"900\" height=\"600\" srcset=\"https:\/\/stage.petrahall.se\/wp-content\/uploads\/2009\/10\/USB-Heart.jpg 900w, https:\/\/stage.petrahall.se\/wp-content\/uploads\/2009\/10\/USB-Heart-300x200.jpg 300w\" sizes=\"(max-width: 900px) 100vw, 900px\" \/><\/p>\n\t<div class=\"p3-fb-like-btn-wrap\">\n\t\t<iframe src=\"http:\/\/www.facebook.com\/plugins\/like.php?href=https%3A%2F%2Fstage.petrahall.se%2Findex.php%2F2009%2F10%2F07%2Fnyheter-infor-2010%2F&layout=button_count&show_faces=false&action=like&colorscheme=light&width=450&height=35\" scrolling=\"no\" frameborder=\"0\" style=\"border:none; overflow:hidden; width:450px; height:35px;\" allowTransparency=\"true\"><\/iframe>\n\t<\/div>","protected":false},"excerpt":{"rendered":"<p>Det b\u00f6rjar n\u00e4rma sig tid att planera inf\u00f6r s\u00e4songen 2010 och jag har ett par nyheter att ber\u00e4tta. Kanske inte v\u00e4rldsomv\u00e4lvande nyheter, men intressanta \u00e4nd\u00e5! \ud83d\ude00 Den viktigaste nyheten f\u00f6r dig som planerar br\u00f6llop \u00e4r att jag inte kommer att h\u00f6ja mina priser inf\u00f6r 2010. Jag har hitta en niv\u00e5 som nu fungerar bra f\u00f6r [&hellip;]<\/p>\n","protected":false},"author":1,"featured_media":0,"comment_status":"open","ping_status":"open","sticky":false,"template":"","format":"standard","meta":[],"categories":[3],"tags":[24,308,10,7,39,44],"_links":{"self":[{"href":"https:\/\/stage.petrahall.se\/index.php\/wp-json\/wp\/v2\/posts\/1045"}],"collection":[{"href":"https:\/\/stage.petrahall.se\/index.php\/wp-json\/wp\/v2\/posts"}],"about":[{"href":"https:\/\/stage.petrahall.se\/index.php\/wp-json\/wp\/v2\/types\/post"}],"author":[{"embeddable":true,"href":"https:\/\/stage.petrahall.se\/index.php\/wp-json\/wp\/v2\/users\/1"}],"replies":[{"embeddable":true,"href":"https:\/\/stage.petrahall.se\/index.php\/wp-json\/wp\/v2\/comments?post=1045"}],"version-history":[{"count":8,"href":"https:\/\/stage.petrahall.se\/index.php\/wp-json\/wp\/v2\/posts\/1045\/revisions"}],"predecessor-version":[{"id":1053,"href":"https:\/\/stage.petrahall.se\/index.php\/wp-json\/wp\/v2\/posts\/1045\/revisions\/1053"}],"wp:attachment":[{"href":"https:\/\/stage.petrahall.se\/index.php\/wp-json\/wp\/v2\/media?parent=1045"}],"wp:term":[{"taxonomy":"category","embeddable":true,"href":"https:\/\/stage.petrahall.se\/index.php\/wp-json\/wp\/v2\/categories?post=1045"},{"taxonomy":"post_tag","embeddable":true,"href":"https:\/\/stage.petrahall.se\/index.php\/wp-json\/wp\/v2\/tags?post=1045"}],"curies":[{"name":"wp","href":"https:\/\/api.w.org\/{rel}","templated":true}]}}