{"id":1039,"date":"2009-09-26T18:18:32","date_gmt":"2009-09-26T17:18:32","guid":{"rendered":"http:\/\/stage.petrahall.se\/?p=1039"},"modified":"2009-09-26T18:19:07","modified_gmt":"2009-09-26T17:19:07","slug":"fotoplanket-i-pitea","status":"publish","type":"post","link":"https:\/\/stage.petrahall.se\/index.php\/2009\/09\/26\/fotoplanket-i-pitea\/","title":{"rendered":"Fotoplanket i Pite\u00e5"},"content":{"rendered":"<p>Idag, l\u00f6rdag, s\u00e5 anordnades Fotoplanket i Pite\u00e5 f\u00f6r f\u00f6rsta g\u00e5ngen. Ett initiativ av tre kreativa och f\u00f6rsigkomna ungdomar, som f\u00f6rhoppningsvis skapat en \u00e5terkommande h\u00e4ndelse. Till och med lokaltidningen, Pite\u00e5-Tidningen (PT) var d\u00e4r och rapporterade, och vi hoppas f\u00e5 se ett lite st\u00f6rre reportage i tidningen p\u00e5 m\u00e5ndag \u00e4n den <a title=\"Bl\u00e4nkare i Pitan\" href=\"http:\/\/www.pitea-tidningen.se\/nyheter\/senaste_nytt\/artikel.aspx?ArticleId=4898090\" target=\"_blank\">lilla bl\u00e4nkare<\/a> som lades in p\u00e5 Pitans hemsida under dagen.<\/p>\n<p>En bild tagen under dagen med min iPhone (jag var nog en av de f\u00e5 som inte tog med mig min systemkamera &#8211; slarvigt!). Det var mycket folk nere i Gallerian (vid Apoteket, Clas Ohlsson och bokhandeln) som kom och kikade, och jag tror vi blev totalt 19 utst\u00e4llare.<\/p>\n<p><img loading=\"lazy\" class=\"alignnone size-full wp-image-1040\" title=\"Fotoplanket_small\" src=\"http:\/\/stage.petrahall.se\/wp-content\/uploads\/2009\/09\/Fotoplanket_small.jpg\" alt=\"Fotoplanket_small\" width=\"900\" height=\"600\" srcset=\"https:\/\/stage.petrahall.se\/wp-content\/uploads\/2009\/09\/Fotoplanket_small.jpg 900w, https:\/\/stage.petrahall.se\/wp-content\/uploads\/2009\/09\/Fotoplanket_small-300x200.jpg 300w\" sizes=\"(max-width: 900px) 100vw, 900px\" \/><\/p>\n<p>Jag hade j\u00e4ttekul och l\u00e4rde k\u00e4nna m\u00e5nga trevliga fotografer, b\u00e5de h\u00e4r fr\u00e5n Pite\u00e5 och s\u00e5 l\u00e5ngt bort som fr\u00e5n G\u00e4llivare. Dessutom hoppas jag detta blir ett \u00e5terkommande initiativ, d\u00e5 jag \u00e4r s\u00e4ker p\u00e5 att det blir b\u00e5de fler utst\u00e4llare och fler bes\u00f6kare, n\u00e4r Piteborna f\u00e5tt upp \u00f6gonen p\u00e5 alla talangerna som finns!<\/p>\n<p>H\u00e4r \u00e4r de bilder jag visade upp p\u00e5 min del av planket.<\/p>\n<p><img loading=\"lazy\" class=\"alignnone size-full wp-image-1041\" title=\"Fotoplanket_Mina\" src=\"http:\/\/stage.petrahall.se\/wp-content\/uploads\/2009\/09\/Fotoplanket_Mina.jpg\" alt=\"Fotoplanket_Mina\" width=\"900\" height=\"890\" srcset=\"https:\/\/stage.petrahall.se\/wp-content\/uploads\/2009\/09\/Fotoplanket_Mina.jpg 900w, https:\/\/stage.petrahall.se\/wp-content\/uploads\/2009\/09\/Fotoplanket_Mina-300x296.jpg 300w\" sizes=\"(max-width: 900px) 100vw, 900px\" \/><\/p>\n<p>Tack Rebecca, Martin och Gustav f\u00f6r att ni genomf\u00f6rde detta roliga initiativ! Vi ses n\u00e4sta \u00e5r! \ud83d\ude00<\/p>\n\t<div class=\"p3-fb-like-btn-wrap\">\n\t\t<iframe src=\"http:\/\/www.facebook.com\/plugins\/like.php?href=https%3A%2F%2Fstage.petrahall.se%2Findex.php%2F2009%2F09%2F26%2Ffotoplanket-i-pitea%2F&layout=button_count&show_faces=false&action=like&colorscheme=light&width=450&height=35\" scrolling=\"no\" frameborder=\"0\" style=\"border:none; overflow:hidden; width:450px; height:35px;\" allowTransparency=\"true\"><\/iframe>\n\t<\/div>","protected":false},"excerpt":{"rendered":"<p>Idag, l\u00f6rdag, s\u00e5 anordnades Fotoplanket i Pite\u00e5 f\u00f6r f\u00f6rsta g\u00e5ngen. Ett initiativ av tre kreativa och f\u00f6rsigkomna ungdomar, som f\u00f6rhoppningsvis skapat en \u00e5terkommande h\u00e4ndelse. Till och med lokaltidningen, Pite\u00e5-Tidningen (PT) var d\u00e4r och rapporterade, och vi hoppas f\u00e5 se ett lite st\u00f6rre reportage i tidningen p\u00e5 m\u00e5ndag \u00e4n den lilla bl\u00e4nkare som lades in p\u00e5 [&hellip;]<\/p>\n","protected":false},"author":1,"featured_media":0,"comment_status":"open","ping_status":"open","sticky":false,"template":"","format":"standard","meta":[],"categories":[4],"tags":[115,11,160,162,20,161],"_links":{"self":[{"href":"https:\/\/stage.petrahall.se\/index.php\/wp-json\/wp\/v2\/posts\/1039"}],"collection":[{"href":"https:\/\/stage.petrahall.se\/index.php\/wp-json\/wp\/v2\/posts"}],"about":[{"href":"https:\/\/stage.petrahall.se\/index.php\/wp-json\/wp\/v2\/types\/post"}],"author":[{"embeddable":true,"href":"https:\/\/stage.petrahall.se\/index.php\/wp-json\/wp\/v2\/users\/1"}],"replies":[{"embeddable":true,"href":"https:\/\/stage.petrahall.se\/index.php\/wp-json\/wp\/v2\/comments?post=1039"}],"version-history":[{"count":3,"href":"https:\/\/stage.petrahall.se\/index.php\/wp-json\/wp\/v2\/posts\/1039\/revisions"}],"predecessor-version":[{"id":1044,"href":"https:\/\/stage.petrahall.se\/index.php\/wp-json\/wp\/v2\/posts\/1039\/revisions\/1044"}],"wp:attachment":[{"href":"https:\/\/stage.petrahall.se\/index.php\/wp-json\/wp\/v2\/media?parent=1039"}],"wp:term":[{"taxonomy":"category","embeddable":true,"href":"https:\/\/stage.petrahall.se\/index.php\/wp-json\/wp\/v2\/categories?post=1039"},{"taxonomy":"post_tag","embeddable":true,"href":"https:\/\/stage.petrahall.se\/index.php\/wp-json\/wp\/v2\/tags?post=1039"}],"curies":[{"name":"wp","href":"https:\/\/api.w.org\/{rel}","templated":true}]}}