{"id":1016,"date":"2009-09-01T21:22:57","date_gmt":"2009-09-01T20:22:57","guid":{"rendered":"http:\/\/stage.petrahall.se\/?p=1016"},"modified":"2009-09-01T21:22:57","modified_gmt":"2009-09-01T20:22:57","slug":"ingen-tuffing-idag","status":"publish","type":"post","link":"https:\/\/stage.petrahall.se\/index.php\/2009\/09\/01\/ingen-tuffing-idag\/","title":{"rendered":"Ingen tuffing idag"},"content":{"rendered":"<p>Mina simeskatter Sam och Suzy har f\u00e5tt vara ute mer p\u00e5 egen hand denna sommar, utan sele och koppel, och de brukar inte vara borta l\u00e4nge eller l\u00e5ngt bort, och \u00e4r helst bara ute n\u00e4r det \u00e4r vackert v\u00e4der och om n\u00e5gon av oss \u00e4r ute i tr\u00e4dg\u00e5rden, annars f\u00f6redrar de att vara hemma. Suzy h\u00e5ller sig v\u00e4ldigt n\u00e4ra huset, medan Sam har tagit ut sv\u00e4ngarna mer och mer ju tuffare han blir.<\/p>\n<p>Men f\u00f6rra veckan var Sam i slagsm\u00e5l med gatans skr\u00e4ck, en grannkatt som \u00e4r \u00f6k\u00e4nd f\u00f6r att inte sl\u00e5ss sjysst, j\u00e4mf\u00f6rt med de andra grannkatterna som \u00e4r mer v\u00e4nliga och nyfikna. Tyv\u00e4rr vann nog inte Sam matchen med gatans skr\u00e4ck, d\u00e5 han fick n\u00e5gra rej\u00e4la riv- och bitm\u00e4rken p\u00e5 hela kroppen (hals, mage och rygg).<\/p>\n<p>Katter brukar ju ha bra l\u00e4kk\u00f6tt, men katter har ocks\u00e5 grymma bakterier i munnen, s\u00e5 de bits\u00e5r p\u00e5 ryggen som Sam fick l\u00e4kte inte s\u00e5 fint som det f\u00f6rst s\u00e5g ut, utan de b\u00f6rjade vara och v\u00e4tska sig. S\u00e5 vi fick helt enkelt ta honom till veterin\u00e4ren f\u00f6r lite omv\u00e5rdnad. Idag opererades han och fick ett dr\u00e4n insatt, s\u00e5 att s\u00e5ret kan t\u00f6mmas p\u00e5 infekterat var. Plus att Sam har f\u00e5tt antibiotika och sm\u00e4rtstillande.\u00a0Men v\u00e4rst av allt \u00e4r nog tratten han m\u00e5ste ha p\u00e5 sig.<\/p>\n<p>Sam ser s\u00e5 otroligt deprimerad ut nu, \u00e4ven efter att narkosen slutat verka s\u00e5 h\u00e4nger han med huvudet hela tiden. Han g\u00f6r inte ens motst\u00e5nd mot tratten (\u00e4nnu), \u00e4ven om han backar lite d\u00e5 och d\u00e5 f\u00f6r att f\u00f6rhoppningsvis slippa den. S\u00e5 han sitter som en gam och tittar ledset p\u00e5 mig, eller ut genom f\u00f6nstret. Han kan inte r\u00f6ra sig lika smidigt som vanligt heller utan fastnar med tratten \u00f6verallt, s\u00e5 inte undra p\u00e5 att han k\u00e4nner sig l\u00e5g.<\/p>\n<p>Tog n\u00e5gra bilder p\u00e5 denna deprimerade varelse, som du kan se h\u00e4r nedanf\u00f6r. Det \u00e4r trots allt n\u00e5got lite komiskt \u00f6ver dem, men samtidigt sorgligt att min goa kille inte alls \u00e4r s\u00e5 tuff och kavat som han annars brukar vara.\u00a0P\u00e5 m\u00e5ndag f\u00e5r han bli av med dr\u00e4net och tratten i alla fall, men det \u00e4r en l\u00e5ng tid f\u00f6r en katt.<\/p>\n<p>Just nu sitter jag och skriver med Sams huvud vilande p\u00e5 min h\u00f6gra arm, d\u00e5 det verkar vara bekv\u00e4mast s\u00e5 f\u00f6r honom f\u00f6r att vila. Men jag kan knappt skriva med en hand och f\u00e5r inte mycket gjort. Jag ser fram emot en st\u00f6rre match mot tratten i morgonkv\u00e4ll eller s\u00e5, n\u00e4r han b\u00f6rjat pigga p\u00e5 sig mer, s\u00e5 jag kanske f\u00e5r lite gjort (f\u00f6rutom att f\u00f6rs\u00f6ka f\u00e5 honom att inte slita av sig tratten allts\u00e5).<\/p>\n<p><img loading=\"lazy\" class=\"alignnone size-full wp-image-1017\" title=\"sjuk_sam_1\" src=\"http:\/\/stage.petrahall.se\/wp-content\/uploads\/2009\/09\/sjuk_sam_1.jpg\" alt=\"sjuk_sam_1\" width=\"900\" height=\"600\" srcset=\"https:\/\/stage.petrahall.se\/wp-content\/uploads\/2009\/09\/sjuk_sam_1.jpg 900w, https:\/\/stage.petrahall.se\/wp-content\/uploads\/2009\/09\/sjuk_sam_1-300x200.jpg 300w\" sizes=\"(max-width: 900px) 100vw, 900px\" \/><img loading=\"lazy\" class=\"alignnone size-full wp-image-1018\" title=\"sjuk_sam_2\" src=\"http:\/\/stage.petrahall.se\/wp-content\/uploads\/2009\/09\/sjuk_sam_2.jpg\" alt=\"sjuk_sam_2\" width=\"900\" height=\"600\" srcset=\"https:\/\/stage.petrahall.se\/wp-content\/uploads\/2009\/09\/sjuk_sam_2.jpg 900w, https:\/\/stage.petrahall.se\/wp-content\/uploads\/2009\/09\/sjuk_sam_2-300x200.jpg 300w\" sizes=\"(max-width: 900px) 100vw, 900px\" \/><\/p>\n\t<div class=\"p3-fb-like-btn-wrap\">\n\t\t<iframe src=\"http:\/\/www.facebook.com\/plugins\/like.php?href=https%3A%2F%2Fstage.petrahall.se%2Findex.php%2F2009%2F09%2F01%2Fingen-tuffing-idag%2F&layout=button_count&show_faces=false&action=like&colorscheme=light&width=450&height=35\" scrolling=\"no\" frameborder=\"0\" style=\"border:none; overflow:hidden; width:450px; height:35px;\" allowTransparency=\"true\"><\/iframe>\n\t<\/div>","protected":false},"excerpt":{"rendered":"<p>Mina simeskatter Sam och Suzy har f\u00e5tt vara ute mer p\u00e5 egen hand denna sommar, utan sele och koppel, och de brukar inte vara borta l\u00e4nge eller l\u00e5ngt bort, och \u00e4r helst bara ute n\u00e4r det \u00e4r vackert v\u00e4der och om n\u00e5gon av oss \u00e4r ute i tr\u00e4dg\u00e5rden, annars f\u00f6redrar de att vara hemma. Suzy [&hellip;]<\/p>\n","protected":false},"author":1,"featured_media":0,"comment_status":"open","ping_status":"open","sticky":false,"template":"","format":"standard","meta":[],"categories":[4],"tags":[126,124,127,125],"_links":{"self":[{"href":"https:\/\/stage.petrahall.se\/index.php\/wp-json\/wp\/v2\/posts\/1016"}],"collection":[{"href":"https:\/\/stage.petrahall.se\/index.php\/wp-json\/wp\/v2\/posts"}],"about":[{"href":"https:\/\/stage.petrahall.se\/index.php\/wp-json\/wp\/v2\/types\/post"}],"author":[{"embeddable":true,"href":"https:\/\/stage.petrahall.se\/index.php\/wp-json\/wp\/v2\/users\/1"}],"replies":[{"embeddable":true,"href":"https:\/\/stage.petrahall.se\/index.php\/wp-json\/wp\/v2\/comments?post=1016"}],"version-history":[{"count":6,"href":"https:\/\/stage.petrahall.se\/index.php\/wp-json\/wp\/v2\/posts\/1016\/revisions"}],"predecessor-version":[{"id":1024,"href":"https:\/\/stage.petrahall.se\/index.php\/wp-json\/wp\/v2\/posts\/1016\/revisions\/1024"}],"wp:attachment":[{"href":"https:\/\/stage.petrahall.se\/index.php\/wp-json\/wp\/v2\/media?parent=1016"}],"wp:term":[{"taxonomy":"category","embeddable":true,"href":"https:\/\/stage.petrahall.se\/index.php\/wp-json\/wp\/v2\/categories?post=1016"},{"taxonomy":"post_tag","embeddable":true,"href":"https:\/\/stage.petrahall.se\/index.php\/wp-json\/wp\/v2\/tags?post=1016"}],"curies":[{"name":"wp","href":"https:\/\/api.w.org\/{rel}","templated":true}]}}